{"id":576,"date":"2012-09-17T14:26:39","date_gmt":"2012-09-17T12:26:39","guid":{"rendered":"http:\/\/www.voismagazine.it\/dp\/?p=576"},"modified":"2012-09-18T16:27:43","modified_gmt":"2012-09-18T14:27:43","slug":"montella-e-maxi-lopez-due-ex-in-ascesa","status":"publish","type":"post","link":"https:\/\/www.voismagazine.it\/dp\/2012\/09\/17\/montella-e-maxi-lopez-due-ex-in-ascesa\/","title":{"rendered":"Montella e Maxi Lopez, due ex in ascesa"},"content":{"rendered":"<div id=\"voism-1093480561\" class=\"voism-prima-del-contenuto voism-entity-placement\"><a href=\"https:\/\/amzn.to\/2Y0db7E\" aria-label=\"\"><\/a><\/div><p align=\"JUSTIFY\"><strong><a href=\"http:\/\/www.voismagazine.it\/dp\/wp-content\/uploads\/2012\/09\/montella-640x360.jpg\"><img loading=\"lazy\" decoding=\"async\" class=\"size-medium wp-image-577 alignleft\" title=\"montella-640x360\" src=\"http:\/\/www.voismagazine.it\/dp\/wp-content\/uploads\/2012\/09\/montella-640x360-300x168.jpg\" alt=\"\" width=\"300\" height=\"168\" \/><\/a><\/strong><\/p>\n<p align=\"JUSTIFY\"><strong>Vincenzo Montella<\/strong> ha lasciato un ottimo ricordo a Catania; \u00e8 riuscito in una stagione a plasmare la squadra, ha dato identit\u00e0 a un gruppo, lo stesso che, con un anno in pi\u00f9 di esperienza, agli ordini di Maran sta ben figurando durante quest&#8217;inizio di stagione. A <strong>Catania<\/strong> Montella \u00e8 cresciuto sul piano professionale e poi, come \u00e8 avvenuto con tutti gli altri, dopo un anno o poco pi\u00f9 \u00e8 andato via.<\/p>\n<p><!--more Leggi Articolo--><\/p>\n<p align=\"JUSTIFY\">Non tutti hanno saputo ripetere in serie A l&#8217;<em>exploit<\/em> vissuto sotto il vulcano (vedi Marino, Zenga, Mihajlovic) e soltanto Diego Simeone, tra i mister protagonisti di intensi e fugaci rapporti con le panchine rossazzurre, ha intrapreso una carriera in ascesa, puntellata gi\u00e0 da successi internazionali. Su Montella e la <strong>Fiorentina<\/strong> i tifosi avevano gi\u00e0 scaramanticamente decretato lo stesso destino che ha colpito allenatori e calciatori desiderosi di fare il salto di qualit\u00e0 &#8211; su tutti il povero Martinez, scaricato dalla Juventus e giunto in Romania al Cluj, via Cesena, e l&#8217;idolo Mascara, oggi con Zenga a Dubai per un sereno finale di carriera, dopo la breve esperienza di Napoli che poteva forse dargli qualcosa in pi\u00f9 e quella, pi\u00f9 tormentata, di Novara.<\/p>\n<p align=\"JUSTIFY\">Probabilmente \u00e8 ancora presto per dirlo, ma l&#8217;aeroplanino a Firenze sembra aver trovato un progetto rinnovato e cucito su misura per il suo modo di allenare; la mano di Montella \u00e8 gi\u00e0 tangibile e sembra essersi inserita positivamente nel contesto viola. Acquisti mirati in tutti i reparti; alcuni giocatori rivitalizzati (Ljajic non sembra pi\u00f9 il ragazzino picchiato da Delio Rossi) e le straordinarie abilit\u00e0 di un fuoriclasse come <strong>Jovetic<\/strong>; la Fiorentina insomma non \u00e8 la squadra della passata stagione e lo ha dimostrato ieri nel 2-0 con cui ha battuto il <strong>Catania<\/strong>. Sul versante rossazzurro, oltre alle prestazioni negative di alcuni giocatori-chiave, non ancora in condizione, bisogna annotare un passo indietro sul piano della carica e della grinta rispetto al 3-2 casalingo contro il Genoa.<\/p>\n<div id=\"attachment_584\" style=\"width: 310px\" class=\"wp-caption alignleft\"><a href=\"http:\/\/www.voismagazine.it\/dp\/wp-content\/uploads\/2012\/09\/maxi-lopez-pescara-samp.jpg\"><img loading=\"lazy\" decoding=\"async\" aria-describedby=\"caption-attachment-584\" class=\"size-medium wp-image-584\" title=\"maxi lopez pescara samp\" src=\"http:\/\/www.voismagazine.it\/dp\/wp-content\/uploads\/2012\/09\/maxi-lopez-pescara-samp-300x214.jpg\" alt=\"\" width=\"300\" height=\"214\" \/><\/a><p id=\"caption-attachment-584\" class=\"wp-caption-text\">Maxi Lopez, doppietta contro il Pescara<\/p><\/div>\n<p align=\"JUSTIFY\">\n<p align=\"JUSTIFY\">\n<p align=\"JUSTIFY\">L&#8217;altro ex, protagonista di questo avvio di stagione, \u00e8 senz&#8217;altro il blucerchiato <strong>Maxi Lopez<\/strong>, che dopo aver segnato a Marassi contro il Siena, si \u00e8 ripetuto ieri a Pescara, con una doppietta. Il centravanti argentino, che firm\u00f2 la salvezza del Catania nel 2010, ha ricominciato a segnare con la maglia della <strong>Sampdoria<\/strong>, tornando sui livelli della sua prima stagione in Italia. Ma forse a rimpiangerlo in questo momento \u00e8 il Milan, che l&#8217;anno scorso lo tenne pi\u00f9 in albergo che in campo.<\/p>\n<p align=\"JUSTIFY\"><em>Marco Mezzatesta<\/em><\/p>\n<p>&nbsp;<\/p>\n<div id=\"voism-1503243042\" class=\"voism-fine voism-entity-placement\"><a href=\"https:\/\/amzn.to\/2Y0db7E\" aria-label=\"\"><\/a><\/div>","protected":false},"excerpt":{"rendered":"<p>Vincenzo Montella ha lasciato un ottimo ricordo a Catania; \u00e8 riuscito in una stagione a plasmare la squadra, ha dato identit\u00e0 a un gruppo, lo stesso che, con un anno in pi\u00f9 di esperienza, agli ordini di Maran sta ben figurando durante quest&#8217;inizio di stagione. A Catania Montella \u00e8 cresciuto sul piano professionale e poi, &#8230;<\/p>\n","protected":false},"author":2,"featured_media":0,"comment_status":"open","ping_status":"open","sticky":false,"template":"","format":"standard","meta":{"footnotes":""},"categories":[2454],"tags":[],"class_list":["post-576","post","type-post","status-publish","format-standard","hentry","category-news"],"aioseo_notices":[],"_links":{"self":[{"href":"https:\/\/www.voismagazine.it\/dp\/wp-json\/wp\/v2\/posts\/576","targetHints":{"allow":["GET"]}}],"collection":[{"href":"https:\/\/www.voismagazine.it\/dp\/wp-json\/wp\/v2\/posts"}],"about":[{"href":"https:\/\/www.voismagazine.it\/dp\/wp-json\/wp\/v2\/types\/post"}],"author":[{"embeddable":true,"href":"https:\/\/www.voismagazine.it\/dp\/wp-json\/wp\/v2\/users\/2"}],"replies":[{"embeddable":true,"href":"https:\/\/www.voismagazine.it\/dp\/wp-json\/wp\/v2\/comments?post=576"}],"version-history":[{"count":0,"href":"https:\/\/www.voismagazine.it\/dp\/wp-json\/wp\/v2\/posts\/576\/revisions"}],"wp:attachment":[{"href":"https:\/\/www.voismagazine.it\/dp\/wp-json\/wp\/v2\/media?parent=576"}],"wp:term":[{"taxonomy":"category","embeddable":true,"href":"https:\/\/www.voismagazine.it\/dp\/wp-json\/wp\/v2\/categories?post=576"},{"taxonomy":"post_tag","embeddable":true,"href":"https:\/\/www.voismagazine.it\/dp\/wp-json\/wp\/v2\/tags?post=576"}],"curies":[{"name":"wp","href":"https:\/\/api.w.org\/{rel}","templated":true}]}}