{"id":57,"date":"2012-08-01T19:55:55","date_gmt":"2012-08-01T17:55:55","guid":{"rendered":"http:\/\/www.voismagazine.it\/dp\/?p=57"},"modified":"2014-11-22T13:38:24","modified_gmt":"2014-11-22T12:38:24","slug":"feste-medievali-in-sicilia-il-palio-dei-normanni","status":"publish","type":"post","link":"https:\/\/www.voismagazine.it\/dp\/2012\/08\/01\/feste-medievali-in-sicilia-il-palio-dei-normanni\/","title":{"rendered":"Feste Medievali in Sicilia: Il Palio dei Normanni"},"content":{"rendered":"<div id=\"voism-886090112\" class=\"voism-prima-del-contenuto voism-entity-placement\"><a href=\"https:\/\/amzn.to\/2Y0db7E\" aria-label=\"\"><\/a><\/div><p align=\"JUSTIFY\"><a href=\"http:\/\/www.voismagazine.it\/dp\/wp-content\/uploads\/2012\/08\/51.png\"><img loading=\"lazy\" decoding=\"async\" class=\"size-medium wp-image-61 alignleft\" title=\"paliodeinormannipiazzaarmerina\" src=\"http:\/\/www.voismagazine.it\/dp\/wp-content\/uploads\/2012\/08\/51-300x170.png\" alt=\"\" width=\"300\" height=\"170\" \/><\/a><\/p>\n<p align=\"JUSTIFY\"><span style=\"font-size: small;\">Ritorna come ogni anno a Piazza Armerina (En) il <\/span><strong><span style=\"font-size: small;\">Palio dei Normanni<\/span><\/strong><span style=\"font-size: small;\">, storica manifestazione medievale in costume, condita da feste, celebrazioni religiose, musiche e balli, che si svolger\u00e0 nel centro storico della cittadina siciliana <\/span><strong><span style=\"font-size: small;\">dal 12 al 14 Agosto<\/span><\/strong><span style=\"font-size: small;\">. Il tradizionale spirito delle feste medievali, particolarmente seguite in Sicilia durante l&#8217;estate, si rinnova a Piazza Armerina in memoria dell&#8217;epopea normanna e della guerra combattuta contro i Saraceni, cacciati dall&#8217;isola nel 1071. <!--more Leggi Articolo-->Il Palio dei Normanni, precedentemente noto come &#8220;La Cavalcata&#8221;, omaggia, in ricordo della campagna militare intrapresa dal Conte Ruggero, la <\/span><strong><span style=\"font-size: small;\">Madonna delle Vittorie<\/span><\/strong><span style=\"font-size: small;\">, protettrice della citt\u00e0. Le tappe del palio prevedono la<\/span><strong><span style=\"font-size: small;\"> Consegna delle Armi<\/span><\/strong><span style=\"font-size: small;\">, con benedizione dei Cavalieri Giostranti e dei Quartieri; la <\/span><strong><span style=\"font-size: small;\">Consegna delle Chiavi<\/span><\/strong><span style=\"font-size: small;\"> e infine la sentitissima giostra dei Quartieri, ovvero la<\/span><strong><span style=\"font-size: small;\"> Quintana del Saracino<\/span><\/strong><span style=\"font-size: small;\">.<\/span><\/p>\n<p><a href=\"http:\/\/www.comune.piazzaarmerina.en.it\/BLU\/LA_CITTA\/PALIO_DEI_NORMANNI\/IL_PROGRAMMA.aspx\" target=\"_blank\"><span style=\"font-size: small;\">Il programma della manifestazione<\/span><\/a><\/p>\n<p align=\"JUSTIFY\"><span style=\"font-size: small;\">Durante la tre giorni delle celebrazioni, cavalieri, dame e soldati popoleranno i suggestivi scorci del centro di Piazza Armerina, all&#8217;interno del quale sar\u00e0 possibile rivivere colori e sensazioni antiche; l&#8217;occasione \u00e8 davvero unica per assaporare la stupenda cittadina dell&#8217;entroterra siculo nella sua veste pi\u00f9 tipica, ovvero quella medievale, aggiungendo magari una visita all&#8217;attrattiva turistica e culturale pi\u00f9 nota, il sito archeologico della Villa Romana del Casale, recentemente restaurato.<\/span><\/p>\n<p>&nbsp;<\/p>\n<p><span style=\"font-size: small;\"><br \/>\n<\/span><\/p>\n<div id=\"voism-3025410381\" class=\"voism-fine voism-entity-placement\"><a href=\"https:\/\/amzn.to\/2Y0db7E\" aria-label=\"\"><\/a><\/div>","protected":false},"excerpt":{"rendered":"<p>Ritorna come ogni anno a Piazza Armerina (En) il Palio dei Normanni, storica manifestazione medievale in costume, condita da feste, celebrazioni religiose, musiche e balli, che si svolger\u00e0 nel centro storico della cittadina siciliana dal 12 al 14 Agosto. Il tradizionale spirito delle feste medievali, particolarmente seguite in Sicilia durante l&#8217;estate, si rinnova a Piazza &#8230;<\/p>\n","protected":false},"author":2,"featured_media":0,"comment_status":"open","ping_status":"open","sticky":false,"template":"","format":"standard","meta":{"footnotes":""},"categories":[6532],"tags":[],"class_list":["post-57","post","type-post","status-publish","format-standard","hentry","category-eventi-cultura-e-spettacolo"],"aioseo_notices":[],"_links":{"self":[{"href":"https:\/\/www.voismagazine.it\/dp\/wp-json\/wp\/v2\/posts\/57","targetHints":{"allow":["GET"]}}],"collection":[{"href":"https:\/\/www.voismagazine.it\/dp\/wp-json\/wp\/v2\/posts"}],"about":[{"href":"https:\/\/www.voismagazine.it\/dp\/wp-json\/wp\/v2\/types\/post"}],"author":[{"embeddable":true,"href":"https:\/\/www.voismagazine.it\/dp\/wp-json\/wp\/v2\/users\/2"}],"replies":[{"embeddable":true,"href":"https:\/\/www.voismagazine.it\/dp\/wp-json\/wp\/v2\/comments?post=57"}],"version-history":[{"count":1,"href":"https:\/\/www.voismagazine.it\/dp\/wp-json\/wp\/v2\/posts\/57\/revisions"}],"predecessor-version":[{"id":36041,"href":"https:\/\/www.voismagazine.it\/dp\/wp-json\/wp\/v2\/posts\/57\/revisions\/36041"}],"wp:attachment":[{"href":"https:\/\/www.voismagazine.it\/dp\/wp-json\/wp\/v2\/media?parent=57"}],"wp:term":[{"taxonomy":"category","embeddable":true,"href":"https:\/\/www.voismagazine.it\/dp\/wp-json\/wp\/v2\/categories?post=57"},{"taxonomy":"post_tag","embeddable":true,"href":"https:\/\/www.voismagazine.it\/dp\/wp-json\/wp\/v2\/tags?post=57"}],"curies":[{"name":"wp","href":"https:\/\/api.w.org\/{rel}","templated":true}]}}