{"id":40596,"date":"2016-11-23T16:42:44","date_gmt":"2016-11-23T15:42:44","guid":{"rendered":"http:\/\/www.voismagazine.it\/dp\/?p=40596"},"modified":"2016-11-23T16:42:44","modified_gmt":"2016-11-23T15:42:44","slug":"agroalimentare-roberto-rosa-feditalimprese-abruzzo-chiede-alla-regione-la-tutela-del-comparto","status":"publish","type":"post","link":"https:\/\/www.voismagazine.it\/dp\/2016\/11\/23\/agroalimentare-roberto-rosa-feditalimprese-abruzzo-chiede-alla-regione-la-tutela-del-comparto\/","title":{"rendered":"AgroAlimentare: Roberto Rosa, Feditalimprese Abruzzo chiede alla Regione la tutela del comparto"},"content":{"rendered":"<div id=\"voism-1959593503\" class=\"voism-prima-del-contenuto voism-entity-placement\"><a href=\"https:\/\/amzn.to\/2Y0db7E\" aria-label=\"\"><\/a><\/div><p style=\"text-align: justify;\"><a href=\"http:\/\/www.voismagazine.it\/dp\/2016\/11\/23\/agroalimentare-roberto-rosa-feditalimprese-abruzzo-chiede-alla-regione-la-tutela-del-comparto\/il-segretario-regionale-feditalimprese-abruzzo-rosa-roberto\/\" rel=\"attachment wp-att-40597\"><img loading=\"lazy\" decoding=\"async\" class=\"alignleft size-medium wp-image-40597\" src=\"http:\/\/www.voismagazine.it\/dp\/wp-content\/uploads\/2016\/11\/Il-segretario-Regionale-Feditalimprese-Abruzzo-Rosa-Roberto-221x300.jpeg\" alt=\"il-segretario-regionale-feditalimprese-abruzzo-rosa-roberto\" width=\"221\" height=\"300\" srcset=\"https:\/\/www.voismagazine.it\/dp\/wp-content\/uploads\/2016\/11\/Il-segretario-Regionale-Feditalimprese-Abruzzo-Rosa-Roberto-221x300.jpeg 221w, https:\/\/www.voismagazine.it\/dp\/wp-content\/uploads\/2016\/11\/Il-segretario-Regionale-Feditalimprese-Abruzzo-Rosa-Roberto.jpeg 427w\" sizes=\"auto, (max-width: 221px) 100vw, 221px\" \/><\/a>Secondo una recente ricerca, sembrerebbe che con un dato positivo si attesti una ripresa della crescita economia, e per i pi\u00f9 ottimisti, sembrerebbe preannunciare la fine del tunnel della crisi economica, ma la domanda che ci viene da farci \u00e8 : SIAMO COSI\u2019 SICURI ?<\/p>\n<p style=\"text-align: justify;\">I prodotti nostrani, le nostre attivit\u00e0, sono massacrate da una spietata concorrenza, a cui si aggiunge una mancanza di supporto dei vari governi, che progressivamente, dal 2007 ad oggi, non hanno fatto che incentivare un altissimo ritmo di importazioni dall\u2019estero, le quali inequivocabilmente hanno danneggiato il prodotto italiano, sicuramente migliore in termini di qualit\u00e0, ma svantaggiato nella sfida dei prezzi.<\/p>\n<p style=\"text-align: justify;\">Ad oggi il produttore italiano deve far fronte ad una battaglia al ribasso, cui non pu\u00f2 sicuramente far pi\u00f9 fronte essendo gi\u00e0 gravato dalla difficile situazione economica che affligge il nostro paese.<\/p>\n<p style=\"text-align: justify;\">Assistiamo con maggiore frequenza e con rammarico, che i prodotti esteri presenti sulle tavole degli italiani, vengano spacciati come prodotti di nostra produzione, ma in realt\u00e0 provengono dall\u2019estero, Olio Tunisino, Pomodori Cinesi, Arance Turche, Fichi Caraibici, Olive Algerine, tutti beni primari che coltivati in Italia sono sicuramente sottoposti a controlli pi\u00f9 rigidi, tali che il prodotto italiano non \u00e8 nella lista nera di materie prime spesso contaminate da agenti chimici e pesticidi, che coinvolge molti dei paesi sopracitati.<\/p>\n<p style=\"text-align: justify;\">L\u2019imprenditori ed i consumatori Italiani, avvertono sempre pi\u00f9 il bisogno di essere maggiormente tutelati dalla normativa sia italiana che europea e non ci stanno ad essere oggetto di baratto con una produzione agricola che produca prodotti scadenti a prezzi ben al di sotto del mercato italiano.<\/p>\n<p style=\"text-align: justify;\">&#8220;Il nostro auspicio afferma Roberto Rosa Segretario Regionale di Feditalimprese Abruzzo, \u00e8 che il Governo Regionale dell\u2019Abruzzo, intraprenda azioni politiche mirate a valorizzare e tutelare l\u2019imprenditoria del comparto agroalimentare Regionale, mediante la predisposizione di atti normativi che vadano in tal senso, ma tali azioni, ribadiamo a gran voce, dovranno essere anche da stimolo per il Governo Nazionale affinch\u00e9 si faccia carico di tutelare il grande comparto agroalimentare dell\u2019intera nazione&#8221;.<\/p>\n<p style=\"text-align: justify;\">La posizione che FEDITALIAMPRESE ha assunto da tempo \u00e8 quella di intraprendere la valorizzazione e la promozione della produzione del comparto agroalimentare italiano autentico, in questo modo, si andr\u00e0 a ripristinare la fiducia dei consumatori incoraggiando il loro nel coinvolgimento nella politica di sicurezza alimentare, garantendo il monitoraggio e la trasparenza in tutta la filiera alimentare e il maggior grado possibile di conoscibilit\u00e0 delle caratteristiche dei prodotti, al fine di consentire loro di effettuare delle scelte di acquisto pienamente consapevoli.<\/p>\n<div id=\"voism-1470689432\" class=\"voism-fine voism-entity-placement\"><a href=\"https:\/\/amzn.to\/2Y0db7E\" aria-label=\"\"><\/a><\/div>","protected":false},"excerpt":{"rendered":"<p>Secondo una recente ricerca, sembrerebbe che con un dato positivo si attesti una ripresa della crescita economia, e per i pi\u00f9 ottimisti, sembrerebbe preannunciare la fine del tunnel della crisi economica, ma la domanda che ci viene da farci \u00e8 : SIAMO COSI\u2019 SICURI ? I prodotti nostrani, le nostre attivit\u00e0, sono massacrate da una &#8230;<\/p>\n","protected":false},"author":14,"featured_media":40599,"comment_status":"open","ping_status":"open","sticky":false,"template":"","format":"standard","meta":{"footnotes":""},"categories":[1740,6789,6678,2454],"tags":[],"class_list":["post-40596","post","type-post","status-publish","format-standard","has-post-thumbnail","hentry","category-incopertina","category-informazione","category-mondo-imprese","category-news"],"aioseo_notices":[],"_links":{"self":[{"href":"https:\/\/www.voismagazine.it\/dp\/wp-json\/wp\/v2\/posts\/40596","targetHints":{"allow":["GET"]}}],"collection":[{"href":"https:\/\/www.voismagazine.it\/dp\/wp-json\/wp\/v2\/posts"}],"about":[{"href":"https:\/\/www.voismagazine.it\/dp\/wp-json\/wp\/v2\/types\/post"}],"author":[{"embeddable":true,"href":"https:\/\/www.voismagazine.it\/dp\/wp-json\/wp\/v2\/users\/14"}],"replies":[{"embeddable":true,"href":"https:\/\/www.voismagazine.it\/dp\/wp-json\/wp\/v2\/comments?post=40596"}],"version-history":[{"count":2,"href":"https:\/\/www.voismagazine.it\/dp\/wp-json\/wp\/v2\/posts\/40596\/revisions"}],"predecessor-version":[{"id":40601,"href":"https:\/\/www.voismagazine.it\/dp\/wp-json\/wp\/v2\/posts\/40596\/revisions\/40601"}],"wp:featuredmedia":[{"embeddable":true,"href":"https:\/\/www.voismagazine.it\/dp\/wp-json\/wp\/v2\/media\/40599"}],"wp:attachment":[{"href":"https:\/\/www.voismagazine.it\/dp\/wp-json\/wp\/v2\/media?parent=40596"}],"wp:term":[{"taxonomy":"category","embeddable":true,"href":"https:\/\/www.voismagazine.it\/dp\/wp-json\/wp\/v2\/categories?post=40596"},{"taxonomy":"post_tag","embeddable":true,"href":"https:\/\/www.voismagazine.it\/dp\/wp-json\/wp\/v2\/tags?post=40596"}],"curies":[{"name":"wp","href":"https:\/\/api.w.org\/{rel}","templated":true}]}}