{"id":40425,"date":"2016-09-09T16:19:22","date_gmt":"2016-09-09T14:19:22","guid":{"rendered":"http:\/\/www.voismagazine.it\/dp\/?p=40425"},"modified":"2016-09-09T16:22:36","modified_gmt":"2016-09-09T14:22:36","slug":"la-storia-di-gioni-di-lullo-e-del-coniglio-gigante-giosue","status":"publish","type":"post","link":"https:\/\/www.voismagazine.it\/dp\/2016\/09\/09\/la-storia-di-gioni-di-lullo-e-del-coniglio-gigante-giosue\/","title":{"rendered":"La storia di Gioni di Lullo e del Coniglio gigante \u201cGiosu\u00e8\u201d"},"content":{"rendered":"<div id=\"voism-1090603254\" class=\"voism-prima-del-contenuto voism-entity-placement\"><a href=\"https:\/\/amzn.to\/2Y0db7E\" aria-label=\"\"><\/a><\/div><p style=\"text-align: justify;\"><span style=\"color: #000000;\"><span style=\"font-family: Arial, sans-serif;\"><span style=\"font-size: large;\"><a href=\"http:\/\/www.voismagazine.it\/dp\/2016\/09\/09\/la-storia-di-gioni-di-lullo-e-del-coniglio-gigante-giosue\/gioni-di-lullo1\/\" rel=\"attachment wp-att-40426\"><img loading=\"lazy\" decoding=\"async\" class=\"alignleft size-medium wp-image-40426\" src=\"http:\/\/www.voismagazine.it\/dp\/wp-content\/uploads\/2016\/09\/gioni-di-lullo1-300x241.jpg\" alt=\"gioni-di-lullo1\" width=\"300\" height=\"241\" \/><\/a>Gioni di Lullo nasce a zug in Svizzera il 23 06 1971, da una famiglia emigrante italiana, all&#8217;et\u00e0 di 4 anni viene fuori una passione, l&#8217;amore per i conigli, a 9 anni inizia a realizzare il suo 1\u00b0 allevamento amatoriale, dedicandosi alla razza di linea media del coniglio.<\/span><\/span><\/span><\/p>\n<p style=\"text-align: justify;\"><span style=\"color: #000000;\"><span style=\"font-family: Arial, sans-serif;\"><span style=\"font-size: large;\">La sua capacit\u00e0 nell&#8217;allevare \u00e8 straordinaria, nonostante l&#8217;et\u00e0\u2019 incomincia a creare delle razze formidabili come, l&#8217;ariete argentata di champagne, il cincill\u00e0 Fulvia di Borgogna bianca di nuova Zelanda, l&#8217;argentata grande californiana, rossa della nuova Zelanda, e bianca di Vienna, pezzata tricolore, giarra bianca, ariete piccolo, oro Sassonia, razze figlie di accoppiamenti di esemplari provenienti da tutto il mondo, razze in via di estinzione come martora e Turingia e cincill\u00e0 piccola. Con la sua maestria e tecnica, approda a un &#8216;accoppiamento tra nuova Zelanda fattrici femmina e maschio russo, che dava vita al californiano. <\/span><\/span><\/span><\/p>\n<p style=\"text-align: justify;\"><span style=\"color: #000000;\"><span style=\"font-family: Arial, sans-serif;\"><span style=\"font-size: large;\">Durante l\u2019adolescenza con caparbiet\u00e0\u2019 e amore, porta avanti la sua passione, a 23 anni si sposa a Raviscanina, piccolo comune in provincia di Caserta con Elena Giglio dalla quale ha tre figli. Con grande sacrificio sudore e onest\u00e0, crea un piccolo allevamento amatoriale a Raviscanina dedicandosi sempre alla linea media. Nel 2002 da vita al 2\u00b0 allevamento amatoriale, costruendo nuovamente la linea media del coniglio, arrivando ad accumulare un numero notevole di conigli, nell&#8217; 2009, dopo la devastante e disastrosa crisi sospende tutto, il mercato non tira, ma non \u00e8 felice come prima, riuscendo a risparmiare qualcosa compra la linea gigante, disponendo cos\u00ec di 3 razze fondamentali: gigante bianco, grigio pezzato, e gigante delle Fiandre, costruisce nuovamente un allevamento amatoriale a Raviscanina dove ora custodisce 296 conigli della linea gigante. Il 24 giugno 2015 effettuando un accoppiamento tra Sendy gigante grigio e Tomas gigante delle Fiandre, nasce in una nidiata di 4 piccoli, uno dei quali vine chiamato \u201cGiosu\u00e8\u201d, nato il giorno di San Giovanni Battista, un coniglio da Guinness, frutto di ricerche sulla linea gigante.<\/span><\/span><\/span><\/p>\n<p style=\"text-align: justify;\"><span style=\"color: #000000;\"><span style=\"font-family: Arial, sans-serif;\"><span style=\"font-size: large;\">Consultando libri, documenti, riviste, giornali, quotidiani inglesi e non solo, viene a sapere che in gran Bretagna vive Darius, figlio di Genius vincitore del Guinness wordl record, primato mondiale, come il coniglio pi\u00f9 lungo del mondo, ed in nuova Zelanda un&#8217;altro campione del Guinness wordl, record del primato mondiale del coniglio pi\u00f9 pesante del mondo (oggi deceduto). <\/span><\/span><\/span><\/p>\n<p style=\"text-align: justify;\"><span style=\"color: #000000;\"><span style=\"font-family: Arial, sans-serif;\"><span style=\"font-size: large;\">Giosu\u00e8 alla nascita pesa 288 gr, ed \u00e8 lungo 22 cm., l\u2019apoteosi ! La gioia di Gioni di Lullo, vede il suo sogno che sta per avverarsi, giorno dopo giorno cresce a dismisura, aumenta di peso \u00e8 lunghezza, oggi il suo stato forma \u00e8: 24.4 kg ed \u00e8 lungo 1.08 mt. <\/span><\/span><\/span><\/p>\n<p style=\"text-align: justify;\"><span style=\"color: #000000;\"><span style=\"font-family: Arial, sans-serif;\"><span style=\"font-size: large;\"><a href=\"http:\/\/www.voismagazine.it\/dp\/2016\/09\/09\/la-storia-di-gioni-di-lullo-e-del-coniglio-gigante-giosue\/gioni-di-lullo2\/\" rel=\"attachment wp-att-40427\"><img loading=\"lazy\" decoding=\"async\" class=\"alignright size-medium wp-image-40427\" src=\"http:\/\/www.voismagazine.it\/dp\/wp-content\/uploads\/2016\/09\/gioni-di-lullo2-300x300.jpg\" alt=\"gioni-di-lullo2\" width=\"300\" height=\"300\" srcset=\"https:\/\/www.voismagazine.it\/dp\/wp-content\/uploads\/2016\/09\/gioni-di-lullo2-300x300.jpg 300w, https:\/\/www.voismagazine.it\/dp\/wp-content\/uploads\/2016\/09\/gioni-di-lullo2-180x180.jpg 180w, https:\/\/www.voismagazine.it\/dp\/wp-content\/uploads\/2016\/09\/gioni-di-lullo2-70x70.jpg 70w, https:\/\/www.voismagazine.it\/dp\/wp-content\/uploads\/2016\/09\/gioni-di-lullo2.jpg 539w\" sizes=\"auto, (max-width: 300px) 100vw, 300px\" \/><\/a>Di Lullo a questo punto candida Giosu\u00e8 al primato mondiale del coniglio pi\u00f9 pesante al mondo. Dopo la diffusione della notizia fioccano gli articoli: Il Mattino, Libero Milano, Il Corriere del Mezzogiorno e tanti giornali locali \u00e8 on-line e dulcis in fundo l\u2019articolo del settimanale Gente. Poi \u00e8 la volta della televisione Italia mia, poi radio amore, rai radio 2, radio toscano, radio Caiazzo. Giosu\u00e8 \u00e8 stato protagonista nel film insieme a Gioni di lullo \u00e8 pubblicato pure su Youtube \u201cPrincipessa per una notte\u201d con Massimo Civale con la regia di Nando de Maio. Di Lullo ora \u00e8 in attesa della risposta dei giudici del Guinness wordl record.<\/span><\/span><\/span><\/p>\n<p style=\"text-align: justify;\"><span style=\"color: #000000;\">\u201c<span style=\"font-family: Arial, sans-serif;\"><span style=\"font-size: large;\">Il mio vero ringraziamento- tiene a precisare Di Lullo- va alla Colacem Spa (l\u2019azienda dove lavora) che sostenendo la crisi devastante riesce a darmi lo stipendio, ringrazio anche mio padre che sostiene questa mia grande passione. <\/span><\/span><\/span><\/p>\n<p style=\"text-align: justify;\"><span style=\"color: #000000;\"><span style=\"font-family: Arial, sans-serif;\"><span style=\"font-size: large;\">Oggi il mio sogno si pu\u00f2 realizzare, non sono ancora un vincente ma arrivare a questo punto \u00e8 una grande felicit\u00e0 per il mio piccolo comune, per la mia provincia e per la mia Regione. <\/span><\/span><\/span><\/p>\n<div id=\"voism-2518078207\" class=\"voism-fine voism-entity-placement\"><a href=\"https:\/\/amzn.to\/2Y0db7E\" aria-label=\"\"><\/a><\/div>","protected":false},"excerpt":{"rendered":"<p>Gioni di Lullo nasce a zug in Svizzera il 23 06 1971, da una famiglia emigrante italiana, all&#8217;et\u00e0 di 4 anni viene fuori una passione, l&#8217;amore per i conigli, a 9 anni inizia a realizzare il suo 1\u00b0 allevamento amatoriale, dedicandosi alla razza di linea media del coniglio. La sua capacit\u00e0 nell&#8217;allevare \u00e8 straordinaria, nonostante &#8230;<\/p>\n","protected":false},"author":22,"featured_media":0,"comment_status":"open","ping_status":"open","sticky":false,"template":"","format":"standard","meta":{"footnotes":""},"categories":[6519,1740,6789],"tags":[6832,6833,6831],"class_list":["post-40425","post","type-post","status-publish","format-standard","hentry","category-curiosita","category-incopertina","category-informazione","tag-gioni-di-lullo","tag-guinnes-word-record","tag-il-coniglio-giosue"],"aioseo_notices":[],"_links":{"self":[{"href":"https:\/\/www.voismagazine.it\/dp\/wp-json\/wp\/v2\/posts\/40425","targetHints":{"allow":["GET"]}}],"collection":[{"href":"https:\/\/www.voismagazine.it\/dp\/wp-json\/wp\/v2\/posts"}],"about":[{"href":"https:\/\/www.voismagazine.it\/dp\/wp-json\/wp\/v2\/types\/post"}],"author":[{"embeddable":true,"href":"https:\/\/www.voismagazine.it\/dp\/wp-json\/wp\/v2\/users\/22"}],"replies":[{"embeddable":true,"href":"https:\/\/www.voismagazine.it\/dp\/wp-json\/wp\/v2\/comments?post=40425"}],"version-history":[{"count":5,"href":"https:\/\/www.voismagazine.it\/dp\/wp-json\/wp\/v2\/posts\/40425\/revisions"}],"predecessor-version":[{"id":40432,"href":"https:\/\/www.voismagazine.it\/dp\/wp-json\/wp\/v2\/posts\/40425\/revisions\/40432"}],"wp:attachment":[{"href":"https:\/\/www.voismagazine.it\/dp\/wp-json\/wp\/v2\/media?parent=40425"}],"wp:term":[{"taxonomy":"category","embeddable":true,"href":"https:\/\/www.voismagazine.it\/dp\/wp-json\/wp\/v2\/categories?post=40425"},{"taxonomy":"post_tag","embeddable":true,"href":"https:\/\/www.voismagazine.it\/dp\/wp-json\/wp\/v2\/tags?post=40425"}],"curies":[{"name":"wp","href":"https:\/\/api.w.org\/{rel}","templated":true}]}}