{"id":40335,"date":"2016-08-05T16:05:23","date_gmt":"2016-08-05T14:05:23","guid":{"rendered":"http:\/\/www.voismagazine.it\/dp\/?p=40335"},"modified":"2016-08-05T17:28:41","modified_gmt":"2016-08-05T15:28:41","slug":"lucia-morucci-nuovo-segretario-regionale-di-feditalimprese-toscana","status":"publish","type":"post","link":"https:\/\/www.voismagazine.it\/dp\/2016\/08\/05\/lucia-morucci-nuovo-segretario-regionale-di-feditalimprese-toscana\/","title":{"rendered":"Lucia Morucci nuovo Segretario Regionale di Feditalimprese Toscana"},"content":{"rendered":"<div id=\"voism-3068519510\" class=\"voism-prima-del-contenuto voism-entity-placement\"><a href=\"https:\/\/amzn.to\/2Y0db7E\" aria-label=\"\"><\/a><\/div><p><!--IncrdiXMLRemarkStart>\n<IncrdiX-Info>\n<X-FID>FLAVOR00-NONE-0000-0000-000000000000<\/X-FID>\n<X-FVER>0,000000<\/X-FVER>\n<X-CNT>;<\/X-CNT>\n<\/IncrdiX-Info>\n<IncrdiXMLRemarkEnd--><\/p>\n<p align=\"JUSTIFY\"><span style=\"color: #000000;\"><span style=\"font-family: Arial, sans-serif;\"><span style=\"font-size: small;\"><a href=\"http:\/\/www.voismagazine.it\/dp\/2016\/08\/05\/lucia-morucci-nuovo-segretario-regionale-di-feditalimprese-toscana\/feditalimprese-toscana-lucia-morucci\/\" rel=\"attachment wp-att-40337\"><img loading=\"lazy\" decoding=\"async\" class=\"alignleft size-medium wp-image-40337\" src=\"http:\/\/www.voismagazine.it\/dp\/wp-content\/uploads\/2016\/08\/Feditalimprese-toscana-Lucia-Morucci-300x181.jpg\" alt=\"Feditalimprese toscana Lucia Morucci\" width=\"300\" height=\"181\" srcset=\"https:\/\/www.voismagazine.it\/dp\/wp-content\/uploads\/2016\/08\/Feditalimprese-toscana-Lucia-Morucci-300x181.jpg 300w, https:\/\/www.voismagazine.it\/dp\/wp-content\/uploads\/2016\/08\/Feditalimprese-toscana-Lucia-Morucci.jpg 600w\" sizes=\"auto, (max-width: 300px) 100vw, 300px\" \/><\/a>Si \u00e8 svolto oggi 4 Agosto 2016 l&#8217;assemblea dei soci per il rinnovo del consiglio regionale di Feditalimprese Toscana, a guidare l&#8217;organizzazione sindacale delle piccole e medie imprese in Toscana sar\u00e0 Lucia Morucci eletta nuovo Segretario Regionale.<\/span><\/span><\/span><\/p>\n<p align=\"JUSTIFY\"><span style=\"color: #000000;\">\u201c<span style=\"font-family: Arial, sans-serif;\"><span style=\"font-size: small;\"><i><b>Per me \u00e8 un grande onore, afferma il neo Segretario Regionale Lucia Morucci, ma anche una grande rsponsabilit\u00e0, rappresentare in Toscana Feditalimprese, \u00e8 il momento di reagire alle difficolt\u00e0 imposte dalla situazione economica in cui l\u2019Europa, l&#8217;Italia e la nostra Regione si trovano a fronteggiare, questa \u00e8 la fase pi\u00f9 difficile e mi rendo conto che parlare di soluzioni \u00e8 alquanto azzardato, ma in quest\u2019ottica Feditalimprese sembra aver tracciato una strada definita che fa della collaborazione tra le imprese il suo punto di forza\u201d. <\/b><\/i><\/span><\/span><\/span><\/p>\n<p align=\"JUSTIFY\"><span style=\"color: #000000;\">\u201c<span style=\"font-family: Arial, sans-serif;\"><span style=\"font-size: small;\"><i><b>Le imprese devono essere tutelate e coinvolte in iniziative mirate al loro sviluppo, l\u2019intenzione, nell\u2019immediato, prosegue Lucia Morucci, \u00e8 quella di organizzare incontri con tutti gli Amministratori delle provincie e della Regione, oltre naturalmente agli imprenditori, per condividere le preoccupazioni, le speranze ma anhe progetti ed iniziative per il rilancio e per far fronte alle esigenze del territorio. <\/b><\/i><\/span><\/span><\/span><\/p>\n<p align=\"JUSTIFY\"><span style=\"color: #000000;\"><span style=\"font-family: Arial, sans-serif;\"><span style=\"font-size: small;\"><i><b>Inizieremo dalla provincia di Grosseto, citt\u00e0 in cui vivo e che ospita la sede Regionale di Feditalimprese, per espandersi nelle altre citt\u00e0 fino ad arrivare a creare una rete Regionale capillare\u201d.<\/b><\/i><\/span><\/span><\/span><i> <\/i><\/p>\n<p align=\"JUSTIFY\"><span style=\"color: #000000;\"><span style=\"font-family: Arial, sans-serif;\"><span style=\"font-size: small;\">Piena soddisfazione arriva anche dalla Segreteria Nazionale Feditalimprese.<\/span><\/span><\/span><\/p>\n<p align=\"JUSTIFY\"><span style=\"color: #000000;\">\u201c<span style=\"font-family: Arial, sans-serif;\"><span style=\"font-size: small;\"><i><b>Facciamo un grandissimo augurio di buon lavoro afferma Gianluca Micalizzi, presidente nazionale di Feditalimprese, possiamo ritenerci pienamente soddisfatti il nuovo direttivo Regionale radicalizzer\u00e0 Feditalimprese in tutta la Regione Toscana, per essere il punto di riferimento degli imprenditori ed avere un contatto diretto con le varie realt\u00e0 imprenditoriali locali\u201d. <\/b><\/i><\/span><\/span><\/span><\/p>\n<p align=\"JUSTIFY\"><span style=\"color: #000000;\"><span style=\"font-family: Arial, sans-serif;\"><span style=\"font-size: small;\">Oggi pi\u00f9 che mai \u00e8 importante condividere le proprie esperienze, stimolando il pi\u00f9 possibile il tessuto sociale in cui viviamo quotidianamente, per far comprendere a tutti, amministratori, imprenditori e cittadini, che \u00e8 necessario intervenire per il bene comune e che questo passa attraverso lo sviluppo economico delle piccole economie indigene, esaltando in particolar modo le produzioni locali siano queste agricoli, commerciali, tessili, tecnologiche o di qualsiasi altra natura, senza delegare sempre e costantemente al governo nazionale le scelte e le responsabilit\u00e0.<\/span><\/span><\/span><\/p>\n<div id=\"voism-1134182531\" class=\"voism-fine voism-entity-placement\"><a href=\"https:\/\/amzn.to\/2Y0db7E\" aria-label=\"\"><\/a><\/div>","protected":false},"excerpt":{"rendered":"<p>Si \u00e8 svolto oggi 4 Agosto 2016 l&#8217;assemblea dei soci per il rinnovo del consiglio regionale di Feditalimprese Toscana, a guidare l&#8217;organizzazione sindacale delle piccole e medie imprese in Toscana sar\u00e0 Lucia Morucci eletta nuovo Segretario Regionale. \u201cPer me \u00e8 un grande onore, afferma il neo Segretario Regionale Lucia Morucci, ma anche una grande rsponsabilit\u00e0, &#8230;<\/p>\n","protected":false},"author":22,"featured_media":40337,"comment_status":"open","ping_status":"open","sticky":false,"template":"","format":"standard","meta":{"footnotes":""},"categories":[1740,6789,6678,2454],"tags":[6529,6530,6824,6823],"class_list":["post-40335","post","type-post","status-publish","format-standard","has-post-thumbnail","hentry","category-incopertina","category-informazione","category-mondo-imprese","category-news","tag-feditalimprese","tag-gianluca-micalizzi-2","tag-lucia-morucci","tag-toscana"],"aioseo_notices":[],"_links":{"self":[{"href":"https:\/\/www.voismagazine.it\/dp\/wp-json\/wp\/v2\/posts\/40335","targetHints":{"allow":["GET"]}}],"collection":[{"href":"https:\/\/www.voismagazine.it\/dp\/wp-json\/wp\/v2\/posts"}],"about":[{"href":"https:\/\/www.voismagazine.it\/dp\/wp-json\/wp\/v2\/types\/post"}],"author":[{"embeddable":true,"href":"https:\/\/www.voismagazine.it\/dp\/wp-json\/wp\/v2\/users\/22"}],"replies":[{"embeddable":true,"href":"https:\/\/www.voismagazine.it\/dp\/wp-json\/wp\/v2\/comments?post=40335"}],"version-history":[{"count":2,"href":"https:\/\/www.voismagazine.it\/dp\/wp-json\/wp\/v2\/posts\/40335\/revisions"}],"predecessor-version":[{"id":40339,"href":"https:\/\/www.voismagazine.it\/dp\/wp-json\/wp\/v2\/posts\/40335\/revisions\/40339"}],"wp:featuredmedia":[{"embeddable":true,"href":"https:\/\/www.voismagazine.it\/dp\/wp-json\/wp\/v2\/media\/40337"}],"wp:attachment":[{"href":"https:\/\/www.voismagazine.it\/dp\/wp-json\/wp\/v2\/media?parent=40335"}],"wp:term":[{"taxonomy":"category","embeddable":true,"href":"https:\/\/www.voismagazine.it\/dp\/wp-json\/wp\/v2\/categories?post=40335"},{"taxonomy":"post_tag","embeddable":true,"href":"https:\/\/www.voismagazine.it\/dp\/wp-json\/wp\/v2\/tags?post=40335"}],"curies":[{"name":"wp","href":"https:\/\/api.w.org\/{rel}","templated":true}]}}