{"id":40257,"date":"2016-07-21T18:20:38","date_gmt":"2016-07-21T16:20:38","guid":{"rendered":"http:\/\/www.voismagazine.it\/dp\/?p=40257"},"modified":"2016-07-23T18:36:30","modified_gmt":"2016-07-23T16:36:30","slug":"snalv-comportamento-antidemocratico-ostruzionismo-in-sac-service","status":"publish","type":"post","link":"https:\/\/www.voismagazine.it\/dp\/2016\/07\/21\/snalv-comportamento-antidemocratico-ostruzionismo-in-sac-service\/","title":{"rendered":"Snalv: &#8220;Comportamento antidemocratico&#8221;, ostruzionismo in Sac Service"},"content":{"rendered":"<div id=\"voism-3152602066\" class=\"voism-prima-del-contenuto voism-entity-placement\"><a href=\"https:\/\/amzn.to\/2Y0db7E\" aria-label=\"\"><\/a><\/div><p style=\"text-align: justify;\"><a href=\"http:\/\/www.voismagazine.it\/dp\/2013\/01\/30\/fontanarossa-stancanelli-nuova-ingiustizia-governo-monti-sabato-convocazione-forze-produttive-e-sociali\/image-868\/\" rel=\"attachment wp-att-8872\"><img loading=\"lazy\" decoding=\"async\" class=\"alignleft size-medium wp-image-8872\" src=\"http:\/\/www.voismagazine.it\/dp\/wp-content\/uploads\/2013\/01\/image302-300x200.jpg\" alt=\"Aeroporto Fontanarossa\" width=\"300\" height=\"200\" srcset=\"https:\/\/www.voismagazine.it\/dp\/wp-content\/uploads\/2013\/01\/image302-300x200.jpg 300w, https:\/\/www.voismagazine.it\/dp\/wp-content\/uploads\/2013\/01\/image302-600x400.jpg 600w, https:\/\/www.voismagazine.it\/dp\/wp-content\/uploads\/2013\/01\/image302.jpg 700w\" sizes=\"auto, (max-width: 300px) 100vw, 300px\" \/><\/a><strong>CATANIA:<\/strong> Le organizzazioni sindacali presenti alla Sac Service\u00a0 e la stessa dirigenza della societ\u00e0 assumono un atteggiamento di ostruzionismo nei confronti dello Snalv Confsal, mantenendo uno status quo antidemocratico, che non solo non corrisponde al volere dei lavoratori che vorrebbero decidere i propri rappresentanti sindacali con libere elezioni, ma impediscono anche al sindacato Snalv di svolgere la propria attivit\u00e0. Nonostante diversi inviti sia le altre OO.SS. che l&#8217;azienda rifiutano ogni confronto.<\/p>\n<p style=\"text-align: justify;\">&#8220;I lavoratori devono potere scegliere democraticamente i propri rappresentanti e non accettare passivamente quelli indicati dai sindacati&#8221;, afferma Santonocito. &#8220;A quanto pare per\u00f2 tutto questo non vale nulla rendendo evidente che allo Snalv \u00e8 impedito di dare risposta a tutti questi lavoratori che hanno espressamente manifestato la loro volont\u00e0 di scegliere i propri rappresentanti sindacali attraverso elezioni a suffragio universale e a scrutinio segreto, secondo quanto previsto dagli accordi sulla rappresentanza sindacale con Confindustria che Confsal ha sottoscritto&#8221;, afferma ancora Santonocito.<\/p>\n<p style=\"text-align: justify;\"><script type=\"text\/async-html\" data-async-html-internal-executed=\"\" data-async-html-internal-processed=\"\" data-async-html-internal-queued=\"\" data-async-html-on-viewport=\"1\"><\/script><\/p>\n<p style=\"text-align: justify;\">&#8220;Si tratta dell&#8217;ennesima prova di non ascolto delle richieste dei lavoratori sia da parte della dirigenza della Sac Service che rifiuta ogni tipo di confronto che da parte di chi, forse, pensa di essere l\u2019unico rappresentante dei lavoratori ovvero le federazioni di trasporti dei sindacati confederati&#8221;, aggiunge il segretario regionale Snalv. &#8220;Hanno forse paura di un confronto o di perdere un potere che la gente non vuole pi\u00f9 dargli, ma che loro vorrebbero conservare? Sembra lo specchio della societ\u00e0 in cui i politici non vogliono mollare la poltrona e non rispondono alle esigenze dei cittadini che quindi rimangono insoddisfatti. Una situazione certamente assurda e antidemocratica. Nelle prossime settimane, comunque, faremo da soli le elezioni delle RSU. Daremo la massima diffusione e vediamo se si ostineranno a boicottare ancora i lavoratori&#8221;,<\/p>\n<p style=\"text-align: justify;\"><strong>conclude Santonocito che annuncia sciopero dei lavoratori sabato 23 luglio dalle ore 10 alle ore 12.<\/strong><\/p>\n<p>&nbsp;<\/p>\n<div id=\"voism-2936746925\" class=\"voism-fine voism-entity-placement\"><a href=\"https:\/\/amzn.to\/2Y0db7E\" aria-label=\"\"><\/a><\/div>","protected":false},"excerpt":{"rendered":"<p>CATANIA: Le organizzazioni sindacali presenti alla Sac Service\u00a0 e la stessa dirigenza della societ\u00e0 assumono un atteggiamento di ostruzionismo nei confronti dello Snalv Confsal, mantenendo uno status quo antidemocratico, che non solo non corrisponde al volere dei lavoratori che vorrebbero decidere i propri rappresentanti sindacali con libere elezioni, ma impediscono anche al sindacato Snalv di &#8230;<\/p>\n","protected":false},"author":22,"featured_media":8872,"comment_status":"open","ping_status":"open","sticky":false,"template":"","format":"standard","meta":{"footnotes":""},"categories":[6789,6676],"tags":[6688,6818,6819,6687,6721,6689],"class_list":["post-40257","post","type-post","status-publish","format-standard","has-post-thumbnail","hentry","category-informazione","category-news-locali","tag-aeroporto-catania","tag-gestione-aeroporto","tag-lavoratori-aeroporto-catania","tag-sac","tag-sac-service","tag-snalv"],"aioseo_notices":[],"_links":{"self":[{"href":"https:\/\/www.voismagazine.it\/dp\/wp-json\/wp\/v2\/posts\/40257","targetHints":{"allow":["GET"]}}],"collection":[{"href":"https:\/\/www.voismagazine.it\/dp\/wp-json\/wp\/v2\/posts"}],"about":[{"href":"https:\/\/www.voismagazine.it\/dp\/wp-json\/wp\/v2\/types\/post"}],"author":[{"embeddable":true,"href":"https:\/\/www.voismagazine.it\/dp\/wp-json\/wp\/v2\/users\/22"}],"replies":[{"embeddable":true,"href":"https:\/\/www.voismagazine.it\/dp\/wp-json\/wp\/v2\/comments?post=40257"}],"version-history":[{"count":3,"href":"https:\/\/www.voismagazine.it\/dp\/wp-json\/wp\/v2\/posts\/40257\/revisions"}],"predecessor-version":[{"id":40260,"href":"https:\/\/www.voismagazine.it\/dp\/wp-json\/wp\/v2\/posts\/40257\/revisions\/40260"}],"wp:featuredmedia":[{"embeddable":true,"href":"https:\/\/www.voismagazine.it\/dp\/wp-json\/wp\/v2\/media\/8872"}],"wp:attachment":[{"href":"https:\/\/www.voismagazine.it\/dp\/wp-json\/wp\/v2\/media?parent=40257"}],"wp:term":[{"taxonomy":"category","embeddable":true,"href":"https:\/\/www.voismagazine.it\/dp\/wp-json\/wp\/v2\/categories?post=40257"},{"taxonomy":"post_tag","embeddable":true,"href":"https:\/\/www.voismagazine.it\/dp\/wp-json\/wp\/v2\/tags?post=40257"}],"curies":[{"name":"wp","href":"https:\/\/api.w.org\/{rel}","templated":true}]}}