{"id":39933,"date":"2016-06-17T19:16:37","date_gmt":"2016-06-17T17:16:37","guid":{"rendered":"http:\/\/www.voismagazine.it\/dp\/?p=39933"},"modified":"2016-06-17T19:16:38","modified_gmt":"2016-06-17T17:16:38","slug":"esplosione-corso-martiri-consoli-eliminate-potenziali-fonti-pericolo","status":"publish","type":"post","link":"https:\/\/www.voismagazine.it\/dp\/2016\/06\/17\/esplosione-corso-martiri-consoli-eliminate-potenziali-fonti-pericolo\/","title":{"rendered":"Esplosione Corso Martiri: Consoli, &#8220;Eliminate potenziali fonti pericolo&#8221;"},"content":{"rendered":"<div id=\"voism-3034026546\" class=\"voism-prima-del-contenuto voism-entity-placement\"><a href=\"https:\/\/amzn.to\/2Y0db7E\" aria-label=\"\"><\/a><\/div><div style=\"text-align: justify;\"><a href=\"http:\/\/www.voismagazine.it\/dp\/2016\/06\/17\/esplosione-corso-martiri-consoli-eliminate-potenziali-fonti-pericolo\/corso-martiri-2\/\" rel=\"attachment wp-att-39934\"><img loading=\"lazy\" decoding=\"async\" class=\"alignleft size-full wp-image-39934\" src=\"http:\/\/www.voismagazine.it\/dp\/wp-content\/uploads\/2016\/06\/CORSO-MARTIRI-2.jpg\" alt=\"CORSO MARTIRI catania\" width=\"400\" height=\"300\" \/><\/a>Il vicesindaco ha seguito per l&#8217;Amministrazione quanto avvenuto dopo la deflagrazione della bombola, probabilmente di un fornello a gas, in un&#8217;area di propriet\u00e0 dell&#8217;Istica. La Polizia municipale ha portato via un altro fornelletto da un&#8217;altra area, della Tecnis, e le baracche, per ragioni di sicurezza, sono state abbattute dalle ruspe del Comune. L&#8217;assessore Villari sta vagliando, con volontari e Presidio leggero, come dare sistemazione a chi utilizzava quei rifugi<\/div>\n<div style=\"text-align: justify;\"><\/div>\n<div style=\"text-align: justify;\">&#8220;Abbiamo eliminato tutte le potenziali fonti di pericolo per la popolazione&#8221;.<\/div>\n<div style=\"text-align: justify;\">Lo ha detto il vice sindaco Marco Consoli intervenuto per l&#8217;Amministrazione comunale dopo l&#8217;esplosione della bombola, probabilmente di un fornello a gas, in terreno di propriet\u00e0 della societ\u00e0 Istica nell&#8217;area di Corso dei Martiri della Libert\u00e0. La forte esplosione, avvertita da molti, ha provocato un incendio spento dai Vigili del Fuoco.<\/div>\n<div style=\"text-align: justify;\"><\/div>\n<div style=\"text-align: justify;\">&#8220;L&#8217;Amministrazione comunale &#8211; ha detto Consoli &#8211; ha pi\u00f9 volte sollecitato sia l&#8217;Istica sia la Tecnis, proprietaria di un altro terreno dove si trovavano delle baracche, sottolineando la necessit\u00e0 di sgomberare l&#8217;area per evitare pericoli per gli stessi occupanti e per la popolazione. Avevamo sollevato l&#8217;argomento anche nell&#8217;ultima riunione del Comitato per l&#8217;Ordine e la Sicurezza pubblica. L&#8217;esplosione ci ha dato la possibilit\u00e0 di intervenire, dopo aver chiesto l&#8217;autorizzazione sia all&#8217;Istica sia alla Tecnis, per bonificare l&#8217;area&#8221;.<\/div>\n<div style=\"text-align: justify;\"><\/div>\n<div style=\"text-align: justify;\">Consoli ha spiegato come la Polizia municipale sia intervenuta ispezionando le baracche, dove non ha trovato alcun occupante ma un fornelletto a gas per cucinare che \u00e8 stato portato via. Successivamente le baracche, pericolanti, sono state abbattute per ragioni di sicurezza dalle ruspe del Comune.<\/div>\n<div style=\"text-align: justify;\">&#8220;L&#8217;Amministrazione &#8211; ha sottolineato l&#8217;assessore al Welfare Angelo Villari -, sta vagliando, con la collaborazione della rete del volontariato e del Presidio leggero, la migliore maniera per dare sistemazione, per quanto provvisoria, a coloro i quali utilizzavano saltuariamente quei rifugi e che, al momento, non si sono presentati&#8221;.<\/div>\n<div id=\"voism-3873085115\" class=\"voism-fine voism-entity-placement\"><a href=\"https:\/\/amzn.to\/2Y0db7E\" aria-label=\"\"><\/a><\/div>","protected":false},"excerpt":{"rendered":"<p>Il vicesindaco ha seguito per l&#8217;Amministrazione quanto avvenuto dopo la deflagrazione della bombola, probabilmente di un fornello a gas, in un&#8217;area di propriet\u00e0 dell&#8217;Istica. La Polizia municipale ha portato via un altro fornelletto da un&#8217;altra area, della Tecnis, e le baracche, per ragioni di sicurezza, sono state abbattute dalle ruspe del Comune. L&#8217;assessore Villari sta &#8230;<\/p>\n","protected":false},"author":14,"featured_media":0,"comment_status":"open","ping_status":"open","sticky":false,"template":"","format":"standard","meta":{"footnotes":""},"categories":[6789,6676],"tags":[],"class_list":["post-39933","post","type-post","status-publish","format-standard","hentry","category-informazione","category-news-locali"],"aioseo_notices":[],"_links":{"self":[{"href":"https:\/\/www.voismagazine.it\/dp\/wp-json\/wp\/v2\/posts\/39933","targetHints":{"allow":["GET"]}}],"collection":[{"href":"https:\/\/www.voismagazine.it\/dp\/wp-json\/wp\/v2\/posts"}],"about":[{"href":"https:\/\/www.voismagazine.it\/dp\/wp-json\/wp\/v2\/types\/post"}],"author":[{"embeddable":true,"href":"https:\/\/www.voismagazine.it\/dp\/wp-json\/wp\/v2\/users\/14"}],"replies":[{"embeddable":true,"href":"https:\/\/www.voismagazine.it\/dp\/wp-json\/wp\/v2\/comments?post=39933"}],"version-history":[{"count":2,"href":"https:\/\/www.voismagazine.it\/dp\/wp-json\/wp\/v2\/posts\/39933\/revisions"}],"predecessor-version":[{"id":39936,"href":"https:\/\/www.voismagazine.it\/dp\/wp-json\/wp\/v2\/posts\/39933\/revisions\/39936"}],"wp:attachment":[{"href":"https:\/\/www.voismagazine.it\/dp\/wp-json\/wp\/v2\/media?parent=39933"}],"wp:term":[{"taxonomy":"category","embeddable":true,"href":"https:\/\/www.voismagazine.it\/dp\/wp-json\/wp\/v2\/categories?post=39933"},{"taxonomy":"post_tag","embeddable":true,"href":"https:\/\/www.voismagazine.it\/dp\/wp-json\/wp\/v2\/tags?post=39933"}],"curies":[{"name":"wp","href":"https:\/\/api.w.org\/{rel}","templated":true}]}}