{"id":39877,"date":"2016-06-16T20:11:05","date_gmt":"2016-06-16T18:11:05","guid":{"rendered":"http:\/\/www.voismagazine.it\/dp\/?p=39877"},"modified":"2016-06-16T20:11:05","modified_gmt":"2016-06-16T18:11:05","slug":"al-via-mare-sicuro-2016-a-fiumicino-i-ministri-delrio-martina-e-galletti-presentano-loperazione-della-guardia-costiera","status":"publish","type":"post","link":"https:\/\/www.voismagazine.it\/dp\/2016\/06\/16\/al-via-mare-sicuro-2016-a-fiumicino-i-ministri-delrio-martina-e-galletti-presentano-loperazione-della-guardia-costiera\/","title":{"rendered":"Al via \u201cMare Sicuro 2016\u201d: a Fiumicino i Ministri Delrio, Martina e Galletti presentano l\u2019operazione della Guardia Costiera"},"content":{"rendered":"<div id=\"voism-4148868920\" class=\"voism-prima-del-contenuto voism-entity-placement\"><a href=\"https:\/\/amzn.to\/2Y0db7E\" aria-label=\"\"><\/a><\/div><p style=\"text-align: justify;\"><a href=\"http:\/\/www.voismagazine.it\/dp\/2016\/06\/16\/al-via-mare-sicuro-2016-a-fiumicino-i-ministri-delrio-martina-e-galletti-presentano-loperazione-della-guardia-costiera\/mare-sicuro-2\/\" rel=\"attachment wp-att-39894\"><img loading=\"lazy\" decoding=\"async\" class=\"alignleft size-medium wp-image-39894\" src=\"http:\/\/www.voismagazine.it\/dp\/wp-content\/uploads\/2016\/06\/mare-sicuro-2-300x201.jpg\" alt=\"mare sicuro 2\" width=\"300\" height=\"201\" \/><\/a>Si intensifica, nel periodo estivo, lo sforzo operativo della Guardia Costiera teso ad assicurare la corretta fruizione del mare e l\u2019ordinato svolgimento delle attivit\u00e0 ludiche e produttive a esso collegate. Sicurezza e legalit\u00e0, ma anche serenit\u00e0 e divertimento, sono i concetti chiave di \u201cMare Sicuro 2016\u201d, l\u2019operazione che \u00e8 stata presentata oggi, 15 giugno, presso la Base Navale della Guardia Costiera di Fiumicino, dai Ministri delle Infrastrutture e trasporti, delle Politiche agricole alimentari e forestali, e dell\u2019Ambiente e della tutela del territorio e del mare. Fino al 18 settembre le Capitanerie di porto metteranno in campo circa 3.000 uomini e donne e 300 mezzi navali \u2013 risorse dispiegate capillarmente lungo tutti gli 8.000 chilometri di coste del Paese, ma anche sul Lago di Garda e sul Lago Maggiore. Dopo i saluti del Comandante Generale, Ammiraglio Vincenzo Melone, i tre Ministri hanno illustrato gli obiettivi perseguiti dalla storica operazione estiva, attuata ogni anno \u2013 fin dal 1991 \u2013 dalla Guardia Costiera, interfaccia periferica, operativa e amministrativa dei Dicasteri intervenuti.<\/p>\n<p style=\"text-align: justify;\">Un\u2019operazione che \u201c\u00e8 la sintesi \u2013 ha affermato il Ministro Delrio \u2013 del lavoro e dello sforzo che il Corpo compie nell\u2019ambito di funzioni e compiti legati agli usi civili e produttivi del mare, svolgendo trasversalmente tutto quanto necessario a tutelarlo\u201d. Funzioni e compiti che spaziano dalla salvaguardia della vita umana alla sicurezza della navigazione, dalla tutela dell\u2019ambiente marino e costiero ai controlli sulla pesca e sulla filiera ittica.<\/p>\n<p style=\"text-align: justify;\">\u201cL&#8217;esodo estivo \u2013 ha continuato Delrio \u2013 porta milioni di italiani e turisti stranieri sulle nostre coste. se si confermano i dati dello scorso anno ci sono 37 milioni di passeggeri sui trasporti marittimi. La Guardia costiera affronta con Mare Sicuro un ruolo decisivo per la sicurezza della navigazione, il soccorso e salvataggio di bagnanti e diportisti e nella prevenzione di comportamenti dannosi per s\u00e9 e per gli altri&#8221;.<\/p>\n<p style=\"text-align: justify;\"><a href=\"http:\/\/www.voismagazine.it\/dp\/2016\/06\/16\/al-via-mare-sicuro-2016-a-fiumicino-i-ministri-delrio-martina-e-galletti-presentano-loperazione-della-guardia-costiera\/mare-sicuro-3\/\" rel=\"attachment wp-att-39895\"><img loading=\"lazy\" decoding=\"async\" class=\"alignright size-medium wp-image-39895\" src=\"http:\/\/www.voismagazine.it\/dp\/wp-content\/uploads\/2016\/06\/mare-sicuro-3-300x197.jpg\" alt=\"mare sicuro 3\" width=\"300\" height=\"197\" \/><\/a>Il Ministro dell\u2019Ambiente Gian Luca Galletti, che ha preso successivamente la parola, ha affermato che \u201cil governo \u00e8 al fianco delle donne e degli uomini della Guardia Costiera, infaticabili sentinelle della qualit\u00e0 ambientale dei nostri mari e delle nostre coste. L\u2019operazione \u2018Mare Sicuro\u2019 \u00e8 strategica perch\u00e9 interviene in un periodo dell\u2019anno che, per l\u2019afflusso turistico, richiede un\u2019attenzione ancora maggiore verso l\u2019ecosistema. Oggi \u2013 ha spiegato sempre \u00a0il Ministro &#8211; abbiamo gli strumenti giusti per fermare e colpire con la massima durezza chi pensa che una vacanza estiva possa essere una vacanza dal rispetto dell\u2019ambiente: ci sono gli ecoreati \u2013 ha ricordato Galletti &#8211; per punire con efficacia chi fa scempio dell\u2019ambiente, ci sono le norme del Collegato ambientale contro l\u2019incivilt\u00e0 quotidiana, c\u2019\u00e8 l\u2019impegno continuo del nostro Corpo delle Capitanerie di Porto-Guardia Costiera anche in settori critici come quelli degli scarichi a mare e della depurazione. A chi pensa di rovinare il nostro mare e le nostre coste, noi rovineremo le ferie. Il mare \u2013 ha concluso Galletti &#8211; \u00e8 un bene ambientale essenziale per un paese che ha ottomila chilometri di coste: per questo dobbiamo anche ragionare su un\u2019alleanza Mediterranea a tutela del nostro mare comune, quel \u2018Mare Nostrum\u2019 tanto fragile e straordinario per biodiversit\u00e0\u201d.<\/p>\n<p style=\"text-align: justify;\">\u00abL\u2019intensificazione dei controlli su tutta la filiera ittica &#8211; spesso soggetta a frodi e contraffazioni &#8211; \u00e8 una delle caratteristiche pi\u00f9 importanti dell\u2019operazione \u201cmare sicuro\u201d\u00bb ha dichiarato il Ministro alle Politiche agricole e forestali Maurizio Martina.<\/p>\n<p style=\"text-align: justify;\">\u00abIl prodotto ittico italiano di qualit\u00e0 \u00e8 tale anche grazie al lavoro che viene svolto a monte dalle donne e dagli uomini della Guardia Costiera che, da 150 anni, rappresentano un presidio fondamentale nella salvaguardia del nostro mare. Obiettivo di questo governo \u00e8 infatti la gestione sostenibile della risorsa ittica, la lotta alle pratiche illegali di pesca e il controllo su tutta la filiera fino alla commercializzazione del pescato a tutela dei consumatori. Nei prossimi mesi \u2013 ha affermato sempre il Ministro \u2013 lavoreremo inoltre per tutelare il reddito dei pescatori, continuando nel percorso che abbiamo intrapreso in questi due anni per rilanciare tutta la filiera ittica nazionale puntando in particolare su sostenibilit\u00e0 e innovazione\u00bb.<\/p>\n<p style=\"text-align: justify;\">L\u2019impegno rafforzato della Guardia Costiera, in un periodo in cui sulle coste e nei mari italiani si riversano milioni di cittadini e di turisti, mirer\u00e0 ad assicurare rapidi interventi di soccorso in favore di bagnanti, diportisti e subacquei; la stessa azione, costante e puntuale, sar\u00e0 volta anche a garantire controlli sempre pi\u00f9 intensi su tutte le attivit\u00e0 svolte in mare, sulle imbarcazioni e sulle infrastrutture marittime, per evitare, prevenire e reprimere le condotte illecite, che impediscono la legittima e corretta fruizione del mare e delle spiagge, e ogni comportamento potenzialmente pericoloso per le persone, per il patrimonio ambientale, per l\u2019ecosistema marino e per le risorse ittiche.<\/p>\n<p style=\"text-align: justify;\">A corredo del presente comunicato, si riporta il link al quale accedere per scaricare un contributo d\u2019immagini e contenutistico relativo all\u2019Operazione in questione.<\/p>\n<div id=\"voism-4070887268\" class=\"voism-fine voism-entity-placement\"><a href=\"https:\/\/amzn.to\/2Y0db7E\" aria-label=\"\"><\/a><\/div>","protected":false},"excerpt":{"rendered":"<p>Si intensifica, nel periodo estivo, lo sforzo operativo della Guardia Costiera teso ad assicurare la corretta fruizione del mare e l\u2019ordinato svolgimento delle attivit\u00e0 ludiche e produttive a esso collegate. Sicurezza e legalit\u00e0, ma anche serenit\u00e0 e divertimento, sono i concetti chiave di \u201cMare Sicuro 2016\u201d, l\u2019operazione che \u00e8 stata presentata oggi, 15 giugno, presso &#8230;<\/p>\n","protected":false},"author":14,"featured_media":0,"comment_status":"open","ping_status":"open","sticky":false,"template":"","format":"standard","meta":{"footnotes":""},"categories":[1740,6789,2454],"tags":[],"class_list":["post-39877","post","type-post","status-publish","format-standard","hentry","category-incopertina","category-informazione","category-news"],"aioseo_notices":[],"_links":{"self":[{"href":"https:\/\/www.voismagazine.it\/dp\/wp-json\/wp\/v2\/posts\/39877","targetHints":{"allow":["GET"]}}],"collection":[{"href":"https:\/\/www.voismagazine.it\/dp\/wp-json\/wp\/v2\/posts"}],"about":[{"href":"https:\/\/www.voismagazine.it\/dp\/wp-json\/wp\/v2\/types\/post"}],"author":[{"embeddable":true,"href":"https:\/\/www.voismagazine.it\/dp\/wp-json\/wp\/v2\/users\/14"}],"replies":[{"embeddable":true,"href":"https:\/\/www.voismagazine.it\/dp\/wp-json\/wp\/v2\/comments?post=39877"}],"version-history":[{"count":2,"href":"https:\/\/www.voismagazine.it\/dp\/wp-json\/wp\/v2\/posts\/39877\/revisions"}],"predecessor-version":[{"id":39897,"href":"https:\/\/www.voismagazine.it\/dp\/wp-json\/wp\/v2\/posts\/39877\/revisions\/39897"}],"wp:attachment":[{"href":"https:\/\/www.voismagazine.it\/dp\/wp-json\/wp\/v2\/media?parent=39877"}],"wp:term":[{"taxonomy":"category","embeddable":true,"href":"https:\/\/www.voismagazine.it\/dp\/wp-json\/wp\/v2\/categories?post=39877"},{"taxonomy":"post_tag","embeddable":true,"href":"https:\/\/www.voismagazine.it\/dp\/wp-json\/wp\/v2\/tags?post=39877"}],"curies":[{"name":"wp","href":"https:\/\/api.w.org\/{rel}","templated":true}]}}