{"id":39869,"date":"2016-06-16T19:44:31","date_gmt":"2016-06-16T17:44:31","guid":{"rendered":"http:\/\/www.voismagazine.it\/dp\/?p=39869"},"modified":"2016-06-16T19:44:31","modified_gmt":"2016-06-16T17:44:31","slug":"dopo-di-noi-il-coordinatore-del-ncd-siciliano-castiglione-orgogliosi-di-una-legge-che-tutela-disabili-e-famiglie","status":"publish","type":"post","link":"https:\/\/www.voismagazine.it\/dp\/2016\/06\/16\/dopo-di-noi-il-coordinatore-del-ncd-siciliano-castiglione-orgogliosi-di-una-legge-che-tutela-disabili-e-famiglie\/","title":{"rendered":"\u201cDopo di noi\u201d Il coordinatore del Ncd siciliano Castiglione: \u201cOrgogliosi di una legge che tutela disabili e famiglie\u201d"},"content":{"rendered":"<div id=\"voism-2650115327\" class=\"voism-prima-del-contenuto voism-entity-placement\"><a href=\"https:\/\/amzn.to\/2Y0db7E\" aria-label=\"\"><\/a><\/div><div><\/div>\n<div style=\"text-align: justify;\"><a href=\"http:\/\/www.voismagazine.it\/dp\/2016\/06\/16\/dopo-di-noi-il-coordinatore-del-ncd-siciliano-castiglione-orgogliosi-di-una-legge-che-tutela-disabili-e-famiglie\/giuseppe-castiglione\/\" rel=\"attachment wp-att-39870\"><img loading=\"lazy\" decoding=\"async\" class=\"alignleft size-medium wp-image-39870\" src=\"http:\/\/www.voismagazine.it\/dp\/wp-content\/uploads\/2016\/06\/Giuseppe-Castiglione-300x206.jpg\" alt=\"Giuseppe-Castiglione\" width=\"300\" height=\"206\" \/><\/a>\u201cDa troppo tempo troppi genitori attendevano di sapere cosa sarebbe stato dei propri figli disabili quando loro non avrebbero pi\u00f9 potuto occuparsene. Finalmente siamo riusciti a fornire una risposta, che \u00e8 garanzia di tranquillit\u00e0 per moltissime famiglie e una testimonianza di umanit\u00e0 e civilt\u00e0 da parte di quanti hanno fortemente voluto, insieme a noi, migliorare le condizioni di vita di chi \u00e8 affetto da una disabilit\u00e0 grave\u201d.<\/div>\n<div style=\"text-align: justify;\"><\/div>\n<div style=\"text-align: justify;\">Cos\u00ec il coordinatore del Ncd in Sicilia, on. Giuseppe Castiglione, sull&#8217;approvazione da parte della Camera, in terza lettura e con 312 voti a favore, del via libera definitivo al ddl \u201cDopo di noi\u201d, provvedimento sostenuto da Area Popolare e mirato a migliorare le condizioni di vita delle persone con disabilit\u00e0 grave prive del sostegno familiare mediante uno stanziamento ad hoc di 270 milioni in tre anni, pi\u00f9 case-famiglia e meno istituti, maggior peso alla volont\u00e0 della persona disabile e detrazioni fiscali.<\/div>\n<div style=\"text-align: justify;\"><\/div>\n<div style=\"text-align: justify;\">\u201cLa possibilit\u00e0 di residenza a domicilio e non negli istituti, insieme a una adeguata assistenza sociale, \u00e8 motivo di grande speranza \u2013 prosegue \u2013 per chi vive grazie alle cure dei propri familiari e rischia, al momento della loro scomparsa, di rimanere solo e trascurato. Al contempo, le famiglie che si prendono cura di un parente disabile non vivranno pi\u00f9 nell&#8217;angoscia di cosa sar\u00e0 del proprio caro dopo di loro. Con questa legge abbiamo fatto un grande passo in avanti nell&#8217;ottica del benessere, dell\u2019autonomia e dell\u2019inclusione sociale delle persone con disabilit\u00e0 grave, spesso \u2018visibili\u2019 solo agli occhi di chi li ama e li accudisce, ma troppo spesso dimenticati \u2013 conclude \u2013 da chi dovrebbe prendersi cura di loro con un welfare adeguato\u201d.<\/div>\n<div id=\"voism-37379248\" class=\"voism-fine voism-entity-placement\"><a href=\"https:\/\/amzn.to\/2Y0db7E\" aria-label=\"\"><\/a><\/div>","protected":false},"excerpt":{"rendered":"<p>\u201cDa troppo tempo troppi genitori attendevano di sapere cosa sarebbe stato dei propri figli disabili quando loro non avrebbero pi\u00f9 potuto occuparsene. Finalmente siamo riusciti a fornire una risposta, che \u00e8 garanzia di tranquillit\u00e0 per moltissime famiglie e una testimonianza di umanit\u00e0 e civilt\u00e0 da parte di quanti hanno fortemente voluto, insieme a noi, migliorare &#8230;<\/p>\n","protected":false},"author":14,"featured_media":0,"comment_status":"open","ping_status":"open","sticky":false,"template":"","format":"standard","meta":{"footnotes":""},"categories":[1740,6789,6675],"tags":[],"class_list":["post-39869","post","type-post","status-publish","format-standard","hentry","category-incopertina","category-informazione","category-politica-2"],"aioseo_notices":[],"_links":{"self":[{"href":"https:\/\/www.voismagazine.it\/dp\/wp-json\/wp\/v2\/posts\/39869","targetHints":{"allow":["GET"]}}],"collection":[{"href":"https:\/\/www.voismagazine.it\/dp\/wp-json\/wp\/v2\/posts"}],"about":[{"href":"https:\/\/www.voismagazine.it\/dp\/wp-json\/wp\/v2\/types\/post"}],"author":[{"embeddable":true,"href":"https:\/\/www.voismagazine.it\/dp\/wp-json\/wp\/v2\/users\/14"}],"replies":[{"embeddable":true,"href":"https:\/\/www.voismagazine.it\/dp\/wp-json\/wp\/v2\/comments?post=39869"}],"version-history":[{"count":2,"href":"https:\/\/www.voismagazine.it\/dp\/wp-json\/wp\/v2\/posts\/39869\/revisions"}],"predecessor-version":[{"id":39872,"href":"https:\/\/www.voismagazine.it\/dp\/wp-json\/wp\/v2\/posts\/39869\/revisions\/39872"}],"wp:attachment":[{"href":"https:\/\/www.voismagazine.it\/dp\/wp-json\/wp\/v2\/media?parent=39869"}],"wp:term":[{"taxonomy":"category","embeddable":true,"href":"https:\/\/www.voismagazine.it\/dp\/wp-json\/wp\/v2\/categories?post=39869"},{"taxonomy":"post_tag","embeddable":true,"href":"https:\/\/www.voismagazine.it\/dp\/wp-json\/wp\/v2\/tags?post=39869"}],"curies":[{"name":"wp","href":"https:\/\/api.w.org\/{rel}","templated":true}]}}