{"id":39815,"date":"2016-06-14T16:00:40","date_gmt":"2016-06-14T14:00:40","guid":{"rendered":"http:\/\/www.voismagazine.it\/dp\/?p=39815"},"modified":"2016-06-14T17:52:15","modified_gmt":"2016-06-14T15:52:15","slug":"sos-servizio-pubblico-su-radio-smile-giacomo-cagnes-intervista-gianluca-micalizzi-e-giuseppe-torrisi-di-feditalimprese","status":"publish","type":"post","link":"https:\/\/www.voismagazine.it\/dp\/2016\/06\/14\/sos-servizio-pubblico-su-radio-smile-giacomo-cagnes-intervista-gianluca-micalizzi-e-giuseppe-torrisi-di-feditalimprese\/","title":{"rendered":"SOS Servizio Pubblico: su Radio Smile Giacomo Cagnes intervista Gianluca Micalizzi e Giuseppe Torrisi di Feditalimprese"},"content":{"rendered":"<div id=\"voism-432287899\" class=\"voism-prima-del-contenuto voism-entity-placement\"><a href=\"https:\/\/amzn.to\/2Y0db7E\" aria-label=\"\"><\/a><\/div><p style=\"text-align: justify;\"><a href=\"http:\/\/www.voismagazine.it\/dp\/2016\/06\/14\/sos-servizio-pubblico-su-radio-smile-giacomo-cagnes-intervista-gianluca-micalizzi-e-giuseppe-torrisi-di-feditalimprese\/torrisi-micalizzi-2\/\" rel=\"attachment wp-att-39820\"><img loading=\"lazy\" decoding=\"async\" class=\"alignleft size-medium wp-image-39820\" src=\"http:\/\/www.voismagazine.it\/dp\/wp-content\/uploads\/2016\/06\/torrisi-micalizzi-2-300x241.jpg\" alt=\"torrisi micalizzi 2\" width=\"300\" height=\"241\" srcset=\"https:\/\/www.voismagazine.it\/dp\/wp-content\/uploads\/2016\/06\/torrisi-micalizzi-2-300x241.jpg 300w, https:\/\/www.voismagazine.it\/dp\/wp-content\/uploads\/2016\/06\/torrisi-micalizzi-2.jpg 409w\" sizes=\"auto, (max-width: 300px) 100vw, 300px\" \/><\/a>Si \u00e8 parlato anche di imprese, nella puntata andata in onda ieri sera alle ore 21 su <a href=\"https:\/\/www.facebook.com\/radiosmilefanpage\/?fref=ts\">Radio Smile<\/a>, <a href=\"https:\/\/www.facebook.com\/giacomo.cagnes?fref=ts\">Giacomo Cagnes<\/a> ha intervistato <a href=\"https:\/\/www.facebook.com\/MicalizziGianlucaRomualdo?fref=ts\">Gianluca Micalizzi<\/a> e <a href=\"https:\/\/www.facebook.com\/giuseppe.torrisi.56\">Giuseppe Torrisi<\/a> rispettivamente Presidente e Vice-Presidente di <a href=\"http:\/\/www.feditalimprese.com\/\">FEDITALIMPRESE<\/a>, una Confederazione Nazionale di Piccole e Medie Imprese nata in Sicilia\u00a0nel 2010 che si \u00e8 sviluppata fino ad essere presente in diverse regioni d&#8217;italia.<\/p>\n<p style=\"text-align: justify;\">Nel corso della puntata si \u00e8 parlato dei problemi legati alla\u00a0<strong>crisi<\/strong> che attanaglia il paese, fino ad arrivare al problema di fare IMPRESA in Italia,\u00a0\u00a0un paese particolarmente noto per\u00a0<b>non eccellere in questi ambiti<\/b>: difficolt\u00e0 burocratiche, un\u2019altissima tassazione e lo scarso grado di accesso al credito sono solo alcuni dei fattori noti che rendono difficoltoso l&#8217;avvio\u00a0di un\u2019attivit\u00e0 per un imprenditore italiano (e straniero).<\/p>\n<p style=\"text-align: justify;\">Nel\u00a0nostro Paese purtroppo \u00e8 particolarmente complicato\u00a0fare impresa, partendo dalle difficolt\u00e0\u00a0dovute da\u00a0un mercato gi\u00e0 asfittico, ci si mettono di mezzo problemi di altro genere,\u00a0le visioni di molti imprenditori sono ancora vincolate a logiche troppo conservatrici, la questione culturale del fare impresa presenta delle lacune evidenti nel tessuto della piccola impresa,\u00a0pochi\u00a0posseggono una adeguata formazione imprenditoriale e le imprese che riescono a rimanere sul mercato non hanno\u00a0la capacit\u00e0 di associarsi, un contesto nel quale la &#8220;Collaborazione di Rete&#8221;, potrebbe essere uno strumento di sviluppo, ma che purtroppo viene usato in modo non corretto a causa di varie difficolt\u00e0 che dipendono caso per caso dal grado di propensione all&#8217;innovazione di impresa.<\/p>\n<p style=\"text-align: justify;\"><a href=\"http:\/\/www.voismagazine.it\/dp\/2016\/06\/14\/sos-servizio-pubblico-su-radio-smile-giacomo-cagnes-intervista-gianluca-micalizzi-e-giuseppe-torrisi-di-feditalimprese\/radio-smile2\/\" rel=\"attachment wp-att-39821\"><img loading=\"lazy\" decoding=\"async\" class=\"alignright size-medium wp-image-39821\" src=\"http:\/\/www.voismagazine.it\/dp\/wp-content\/uploads\/2016\/06\/radio-smile2-300x210.jpg\" alt=\"radio smile2\" width=\"300\" height=\"210\" srcset=\"https:\/\/www.voismagazine.it\/dp\/wp-content\/uploads\/2016\/06\/radio-smile2-300x210.jpg 300w, https:\/\/www.voismagazine.it\/dp\/wp-content\/uploads\/2016\/06\/radio-smile2.jpg 500w\" sizes=\"auto, (max-width: 300px) 100vw, 300px\" \/><\/a><a href=\"https:\/\/www.facebook.com\/groups\/1695894240693426\/\">Sos Servizio Pubblico<\/a> \u00e8 un programma radiofonico, in onda su Radio Smile dal luned\u00ec al venerd\u00ec alle ore 21, ideato e condotto da Giacomo Cagnes. Con lui in studio, <a href=\"https:\/\/www.facebook.com\/sara.russo.9484\">Sara Russo<\/a>.<\/p>\n<p style=\"text-align: justify;\">Il programma si occupa di raccogliere le segnalazioni di disservizi e di farle presenti alle pubbliche amministrazioni.<\/p>\n<p>&nbsp;<\/p>\n<div id=\"voism-4276899788\" class=\"voism-fine voism-entity-placement\"><a href=\"https:\/\/amzn.to\/2Y0db7E\" aria-label=\"\"><\/a><\/div>","protected":false},"excerpt":{"rendered":"<p>Si \u00e8 parlato anche di imprese, nella puntata andata in onda ieri sera alle ore 21 su Radio Smile, Giacomo Cagnes ha intervistato Gianluca Micalizzi e Giuseppe Torrisi rispettivamente Presidente e Vice-Presidente di FEDITALIMPRESE, una Confederazione Nazionale di Piccole e Medie Imprese nata in Sicilia\u00a0nel 2010 che si \u00e8 sviluppata fino ad essere presente in &#8230;<\/p>\n","protected":false},"author":22,"featured_media":39820,"comment_status":"open","ping_status":"open","sticky":false,"template":"","format":"standard","meta":{"footnotes":""},"categories":[1740,6789,6678,2454],"tags":[6802,6529,6798,6530,6801,6452,6800,6799,6797],"class_list":["post-39815","post","type-post","status-publish","format-standard","has-post-thumbnail","hentry","category-incopertina","category-informazione","category-mondo-imprese","category-news","tag-crisi","tag-feditalimprese","tag-giacomo-cagnes","tag-gianluca-micalizzi-2","tag-giuseppe-torrisi","tag-imprese","tag-radio-smile","tag-sara-russo","tag-sos-servizio-pubblico"],"aioseo_notices":[],"_links":{"self":[{"href":"https:\/\/www.voismagazine.it\/dp\/wp-json\/wp\/v2\/posts\/39815","targetHints":{"allow":["GET"]}}],"collection":[{"href":"https:\/\/www.voismagazine.it\/dp\/wp-json\/wp\/v2\/posts"}],"about":[{"href":"https:\/\/www.voismagazine.it\/dp\/wp-json\/wp\/v2\/types\/post"}],"author":[{"embeddable":true,"href":"https:\/\/www.voismagazine.it\/dp\/wp-json\/wp\/v2\/users\/22"}],"replies":[{"embeddable":true,"href":"https:\/\/www.voismagazine.it\/dp\/wp-json\/wp\/v2\/comments?post=39815"}],"version-history":[{"count":6,"href":"https:\/\/www.voismagazine.it\/dp\/wp-json\/wp\/v2\/posts\/39815\/revisions"}],"predecessor-version":[{"id":39825,"href":"https:\/\/www.voismagazine.it\/dp\/wp-json\/wp\/v2\/posts\/39815\/revisions\/39825"}],"wp:featuredmedia":[{"embeddable":true,"href":"https:\/\/www.voismagazine.it\/dp\/wp-json\/wp\/v2\/media\/39820"}],"wp:attachment":[{"href":"https:\/\/www.voismagazine.it\/dp\/wp-json\/wp\/v2\/media?parent=39815"}],"wp:term":[{"taxonomy":"category","embeddable":true,"href":"https:\/\/www.voismagazine.it\/dp\/wp-json\/wp\/v2\/categories?post=39815"},{"taxonomy":"post_tag","embeddable":true,"href":"https:\/\/www.voismagazine.it\/dp\/wp-json\/wp\/v2\/tags?post=39815"}],"curies":[{"name":"wp","href":"https:\/\/api.w.org\/{rel}","templated":true}]}}