{"id":39753,"date":"2016-06-13T19:52:52","date_gmt":"2016-06-13T17:52:52","guid":{"rendered":"http:\/\/www.voismagazine.it\/dp\/?p=39753"},"modified":"2016-06-13T19:52:52","modified_gmt":"2016-06-13T17:52:52","slug":"rugby-festa-a-librino-bianco-nei-prossimi-mesi-sistemazione-san-teodoro","status":"publish","type":"post","link":"https:\/\/www.voismagazine.it\/dp\/2016\/06\/13\/rugby-festa-a-librino-bianco-nei-prossimi-mesi-sistemazione-san-teodoro\/","title":{"rendered":"Rugby: Festa a Librino, Bianco, &#8220;Nei prossimi mesi sistemazione San Teodoro&#8221;"},"content":{"rendered":"<div id=\"voism-816328505\" class=\"voism-prima-del-contenuto voism-entity-placement\"><a href=\"https:\/\/amzn.to\/2Y0db7E\" aria-label=\"\"><\/a><\/div><div style=\"text-align: justify;\"><a href=\"http:\/\/www.voismagazine.it\/dp\/2016\/06\/13\/rugby-festa-a-librino-bianco-nei-prossimi-mesi-sistemazione-san-teodoro\/libino-4\/\" rel=\"attachment wp-att-39754\"><img loading=\"lazy\" decoding=\"async\" class=\"alignleft size-medium wp-image-39754\" src=\"http:\/\/www.voismagazine.it\/dp\/wp-content\/uploads\/2016\/06\/LIBINO-4-300x168.jpg\" alt=\"LIBINO 4\" width=\"300\" height=\"168\" srcset=\"https:\/\/www.voismagazine.it\/dp\/wp-content\/uploads\/2016\/06\/LIBINO-4-300x168.jpg 300w, https:\/\/www.voismagazine.it\/dp\/wp-content\/uploads\/2016\/06\/LIBINO-4.jpg 500w\" sizes=\"auto, (max-width: 300px) 100vw, 300px\" \/><\/a>Il Sindaco, durante il concentramento under 12 &#8220;Insieme per la Meta&#8221; organizzato con I Briganti di Librino, ha annunciato che sar\u00e0 presentato al concorso della Presidenza del Consiglio per la riqualificazione delle periferie. Il procuratore Salvi, &#8220;Per recuperare Librino occorrono coraggio, determinazione, strategia, spirito di squadra e rispetto delle regole, ossia tutte le doti necessarie per giocare bene al rugby&#8221;<\/div>\n<div style=\"text-align: justify;\"><\/div>\n<div style=\"text-align: justify;\">&#8220;Il progetto per la sistemazione dello stadio di rugby del San Teodoro sar\u00e0 il primo che Catania presenter\u00e0 nell&#8217;ambito del concorso indetto dalla Presidenza del Consiglio dei ministri per la riqualificazione delle periferie e se tutto andr\u00e0 come deve potremmo cominciare i lavori in pochi mesi&#8221;.<\/div>\n<div style=\"text-align: justify;\">Lo ha detto il sindaco di Catania Enzo Bianco intervenendo alla cerimonia di inaugurazione della manifestazione di rugby under 12 denominata &#8220;Insieme per la Meta prima tappa Catania&#8221;, progetto del Comune sviluppato in sinergia con la societ\u00e0 I Briganti di Librino e con il sostegno del procuratore generale della Repubblica di Roma Giovanni Salvi, intervenuto insieme con il nuovo procuratore della Repubblica di Catania Carmelo Zuccaro.<\/div>\n<div style=\"text-align: justify;\">Il Sindaco ha sottolineato come a Librino ci siano stati due &#8220;Fiori nel deserto&#8221; &#8211; i Briganti e Renzo Piano con il suo progetto di &#8220;Rammendo urbano&#8221; &#8211; e ha ricordato la battaglia per la Scuola superiore a Librino e le tante altre azioni compiute nel quartire. Ha poi spiegato che, per la riqualificazione del campo e di tutta la struttura San Teodoro &#8211; concessa dall&#8217;Amministrazione Bianco nel maggio del 2015 in comodato ai Briganti -, il Coni metter\u00e0 il 30% dei costi e il Comune, attingendo ai fondi del concorso, il 70%.<\/div>\n<div style=\"text-align: justify;\"><\/div>\n<div style=\"text-align: justify;\">&#8220;Cos\u00ec, tra qualche anno &#8211; ha sottolineato Bianco &#8211; anche grazie a questi impianti, speriamo di veder tornare in nazionale atleti di quella Catania che ha dato al rugby italiano fior di campioni&#8221;.<\/div>\n<div style=\"text-align: justify;\">L&#8217;assessore comunale allo Sport Valentina Scialfa &#8211; presente con il collega Rosario D&#8217;Agata, che ha la delega per Librino -, ha sottolineato come lo scopo della manifestazione &#8220;Una vera e propria festa che avr\u00e0 una seconda fase a Roma&#8221; (il 10 marzo, per il 6 Nazioni, le squadre giovanili dei Briganti, di Scampia e Corviale, si incontreranno prima di Italia-Francia e, nello Stadio Olimpico, canteranno l&#8217;Inno d&#8217;Italia con gli azzurri) &#8220;\u00e8 quello di favorire il senso di appartenenza a una comunit\u00e0 rendendo le periferie parte viva della citt\u00e0 e promuovendo la pratica sportiva per prevenire il disagio\u00a0 giovanile e la dispersione scolastica&#8221;.<\/div>\n<div style=\"text-align: justify;\">&#8220;Catania mi ha adottato &#8211; ha poi detto il procuratore Salvi &#8211; e sono particolarmente affezionato a Librino da quando ho scoperto i Briganti e il bel lavoro che hanno compiuto. Per recuperare questo quartiere, che potrebbe essere un bel posto in cui vivere con questi panorami meravigliosi e i palazzi in armonia con l&#8217;ambiente, occorrono coraggio, determinazione, strategia, spirito di squadra e rispetto delle regole. Ossia tutte le doti necessarie per giocare bene al rugby, uno sport duro ma estremamente formativo&#8221;.<\/div>\n<div style=\"text-align: justify;\"><\/div>\n<div style=\"text-align: justify;\">Un concetto ripreso anche dall&#8217;assessore regionale allo Sport Anthony Barbagallo, che, ex rugbista, ha detto: &#8220;Dappertutto ma in particolare in Sicilia lo sport ha una rilevantissima funzione di formazione sociale e l&#8217;esperienza dei Briganti lo dimostra&#8221;.<\/div>\n<div style=\"text-align: justify;\">&#8220;Lo sport, e il rugby in particolare &#8211; ha aggiunto &#8211; insegnano a crescere, a competere, a diventare protagonisti della propria vita. Per questo dobbiamo dare il massimo e a Catania, grazie alla straordinaria collaborazione con il sindaco Bianco e l&#8217;assessore Scialfa, abbiamo inserito nel Patto per il Sud due impianti sportivi per la citt\u00e0&#8221;.<\/div>\n<div style=\"text-align: justify;\"><\/div>\n<div style=\"text-align: justify;\">&#8220;Sono felicemente sorpreso &#8211; ha dichiarato il presidente dei Briganti Piero Mancuso &#8211; per la notizia dataci dal Sindaco del progetto per il San Teodoro. Noi avevamo lanciato una raccolta di fondi per dare un prato al nostro campo proprio nella speranza di crescere e formare atleti che potessero avere un futuro in nazionale, visto che esistono giocatori promettenti come Alessio Panebianco, un under 16 che \u00e8 stato chiamato dall&#8217;Accademia Regionale. Ma il nostro scopo, in questo che non \u00e8 solo un luogo di sport ma un centro di aggregazione, \u00e8 quello di costruire ponti, di dimostrare che anche dalla periferia, da Librino, si possono raggiungere grandi obiettivi&#8221;.<\/div>\n<div style=\"text-align: justify;\">Angelo Toscano, rappresentante della Fir, si \u00e8 poi complimentato con le Istituzioni e con I Briganti &#8220;per aver agito efficacemente di concerto nell&#8217;interesse esclusivo del territorio&#8221; e Ivo Mazzucchelli, ex capitano della nazionale italiana di rugby, ha donato alla societ\u00e0 un pallone ufficiale della squadra azzurra da utilizzare nel prossimo incontro di old.<\/div>\n<div style=\"text-align: justify;\"><\/div>\n<div style=\"text-align: justify;\">Le autorit\u00e0 &#8211; erano presenti anche il questore Marcello Cardona, il comandante provinciale dei Carabinieri, colonnello Francesco Gargaro, e, per la Guardia di Finanza, il maggiore Raffaele Oliviero e il segretario generale della Fidal Fabio Pagliara &#8211; hanno poi assistito al concentramento con le squadre Under 12 dei Briganti, di Pestalozzi, San Giorgio e Livio Tempesta e del Carlentini Rugby. Inoltre alunni delle scuole del quartiere &#8211; Campanella-Sturzo, Musco,\u00a0 Pestalozzi, San Giorgio &#8211; hanno eseguito brani musicali e sono stati impegnati in balli ed esibizioni di arcostep. Al termine l&#8217;assessore Scialfa ha ringraziato tutti gli intervenuti insieme con gli impiegati degli assessorati alla Scuola e allo Sport e delle Manutenzioni e gli addetti della Multiservizi.<\/div>\n<div id=\"voism-4073294248\" class=\"voism-fine voism-entity-placement\"><a href=\"https:\/\/amzn.to\/2Y0db7E\" aria-label=\"\"><\/a><\/div>","protected":false},"excerpt":{"rendered":"<p>Il Sindaco, durante il concentramento under 12 &#8220;Insieme per la Meta&#8221; organizzato con I Briganti di Librino, ha annunciato che sar\u00e0 presentato al concorso della Presidenza del Consiglio per la riqualificazione delle periferie. Il procuratore Salvi, &#8220;Per recuperare Librino occorrono coraggio, determinazione, strategia, spirito di squadra e rispetto delle regole, ossia tutte le doti necessarie &#8230;<\/p>\n","protected":false},"author":14,"featured_media":39754,"comment_status":"open","ping_status":"open","sticky":false,"template":"","format":"standard","meta":{"footnotes":""},"categories":[6789,6676],"tags":[],"class_list":["post-39753","post","type-post","status-publish","format-standard","has-post-thumbnail","hentry","category-informazione","category-news-locali"],"aioseo_notices":[],"_links":{"self":[{"href":"https:\/\/www.voismagazine.it\/dp\/wp-json\/wp\/v2\/posts\/39753","targetHints":{"allow":["GET"]}}],"collection":[{"href":"https:\/\/www.voismagazine.it\/dp\/wp-json\/wp\/v2\/posts"}],"about":[{"href":"https:\/\/www.voismagazine.it\/dp\/wp-json\/wp\/v2\/types\/post"}],"author":[{"embeddable":true,"href":"https:\/\/www.voismagazine.it\/dp\/wp-json\/wp\/v2\/users\/14"}],"replies":[{"embeddable":true,"href":"https:\/\/www.voismagazine.it\/dp\/wp-json\/wp\/v2\/comments?post=39753"}],"version-history":[{"count":2,"href":"https:\/\/www.voismagazine.it\/dp\/wp-json\/wp\/v2\/posts\/39753\/revisions"}],"predecessor-version":[{"id":39756,"href":"https:\/\/www.voismagazine.it\/dp\/wp-json\/wp\/v2\/posts\/39753\/revisions\/39756"}],"wp:featuredmedia":[{"embeddable":true,"href":"https:\/\/www.voismagazine.it\/dp\/wp-json\/wp\/v2\/media\/39754"}],"wp:attachment":[{"href":"https:\/\/www.voismagazine.it\/dp\/wp-json\/wp\/v2\/media?parent=39753"}],"wp:term":[{"taxonomy":"category","embeddable":true,"href":"https:\/\/www.voismagazine.it\/dp\/wp-json\/wp\/v2\/categories?post=39753"},{"taxonomy":"post_tag","embeddable":true,"href":"https:\/\/www.voismagazine.it\/dp\/wp-json\/wp\/v2\/tags?post=39753"}],"curies":[{"name":"wp","href":"https:\/\/api.w.org\/{rel}","templated":true}]}}