{"id":39743,"date":"2016-06-13T19:41:40","date_gmt":"2016-06-13T17:41:40","guid":{"rendered":"http:\/\/www.voismagazine.it\/dp\/?p=39743"},"modified":"2016-06-13T19:41:40","modified_gmt":"2016-06-13T17:41:40","slug":"bollino-rosso-per-chi-non-rispetta-la-raccolta-differenziata-porta-a-porta","status":"publish","type":"post","link":"https:\/\/www.voismagazine.it\/dp\/2016\/06\/13\/bollino-rosso-per-chi-non-rispetta-la-raccolta-differenziata-porta-a-porta\/","title":{"rendered":"BOLLINO ROSSO PER CHI NON RISPETTA  LA RACCOLTA DIFFERENZIATA PORTA A PORTA"},"content":{"rendered":"<div id=\"voism-640941715\" class=\"voism-prima-del-contenuto voism-entity-placement\"><a href=\"https:\/\/amzn.to\/2Y0db7E\" aria-label=\"\"><\/a><\/div><p align=\"JUSTIFY\"><span style=\"font-family: Calibri, serif;\"><span style=\"font-size: medium;\"><a href=\"http:\/\/www.voismagazine.it\/dp\/2016\/06\/13\/bollino-rosso-per-chi-non-rispetta-la-raccolta-differenziata-porta-a-porta\/bollino-rosso_l\/\" rel=\"attachment wp-att-39744\"><img loading=\"lazy\" decoding=\"async\" class=\"alignleft size-medium wp-image-39744\" src=\"http:\/\/www.voismagazine.it\/dp\/wp-content\/uploads\/2016\/06\/Bollino-rosso_l-300x211.jpg\" alt=\"Bollino rosso comune catania\" width=\"300\" height=\"211\" \/><\/a>L\u2019Amministrazione Comunale di Catania rende noto che da <\/span><\/span><span style=\"font-family: Calibri, serif;\"><span style=\"font-size: medium;\"><u><b>Luned\u00ec 13 giugno 2016<\/b><\/u><\/span><\/span><span style=\"font-family: Calibri, serif;\"><span style=\"font-size: medium;\">, nelle aree interessate dal sistema sperimentale di raccolta differenziata Porta a Porta (che ricordiamo vanno a Nord da via Rosso di San Secondo, a Est dal viale Vittorio Veneto, a Ovest da via Caronda e a Sud all&#8217;asse viale Regina Margherita &#8211; viale XX Settembre &#8211; Corso Italia), verranno apposti adesivi di colore rosso con la segnalazione \u201c<\/span><\/span><span style=\"font-family: Calibri, serif;\"><span style=\"font-size: medium;\"><u><b>RIFIUTO NON CONFORME<\/b><\/u><\/span><\/span><span style=\"font-family: Calibri, serif;\"><span style=\"font-size: medium;\">\u201d, sui sacchetti\/mastelli conferiti in maniera errata.<\/span><\/span><\/p>\n<p align=\"JUSTIFY\"><span style=\"font-family: Calibri, serif;\"><span style=\"font-size: medium;\">Al momento del prelievo, infatti, gli operatori nel verificare il conferimento da parte dei cittadini, potranno non ritirare i rifiuti per una delle seguenti motivazioni:<\/span><\/span><\/p>\n<ul>\n<li>\n<p align=\"JUSTIFY\"><span style=\"font-family: Calibri, serif;\"><span style=\"font-size: medium;\">materiale conferito non conforme o miscelato con altri materiali, ad esempio piatti di ceramica inseriti nella raccolta del vetro o carta e plastica conferiti insieme;<\/span><\/span><\/p>\n<\/li>\n<li>\n<p align=\"JUSTIFY\"><span style=\"font-family: Calibri, serif;\"><span style=\"font-size: medium;\">contenitori non conformi e utilizzati in maniera errata ad esempio l\u2019utilizzo di buste e o sacchetti non compostabili per la raccolta della frazione organica;<\/span><\/span><\/p>\n<\/li>\n<li>\n<p align=\"JUSTIFY\"><span style=\"font-family: Calibri, serif;\"><span style=\"font-size: medium;\">calendario non rispettato con conferimento fuori orario o nel giorno sbagliato.<\/span><\/span><\/p>\n<\/li>\n<\/ul>\n<p align=\"JUSTIFY\"><span style=\"font-family: Calibri, serif;\"><span style=\"font-size: medium;\">Dopo alcune segnalazioni di irregolarit\u00e0 <\/span><\/span><span style=\"font-family: Calibri, serif;\"><span style=\"font-size: medium;\"><u><b>verranno applicate le sanzioni<\/b><\/u><\/span><\/span><span style=\"font-family: Calibri, serif;\"><span style=\"font-size: medium;\"> con <\/span><\/span><span style=\"font-family: Calibri, serif;\"><span style=\"font-size: medium;\"><b>controlli<\/b><\/span><\/span><span style=\"font-family: Calibri, serif;\"><span style=\"font-size: medium;\"> da parte degli organi competenti.<\/span><\/span><\/p>\n<p align=\"JUSTIFY\"><span style=\"font-family: Calibri, serif;\"><span style=\"font-size: medium;\">L\u2019introduzione del nuovo sistema di <\/span><\/span><span style=\"font-family: Calibri, serif;\"><span style=\"font-size: medium;\"><b>raccolta \u201cporta a porta\u201d<\/b><\/span><\/span><span style=\"font-family: Calibri, serif;\"><span style=\"font-size: medium;\"> con ritiro presso il civico delle abitazioni ha senz\u2019altro modificato le nostre abitudini. Separare i rifiuti secondo le frazioni <\/span><\/span><span style=\"font-family: Calibri, serif;\"><span style=\"font-size: medium;\"><b>ORGANICO, VETRO, PLASTICA E METALLI, CARTA E RIFIUTI INDIFFERENZIATI <\/b><\/span><\/span><span style=\"font-family: Calibri, serif;\"><span style=\"font-size: medium;\">deve diventare una buona pratica e indurre i cittadini a rispettare le regole. La <\/span><\/span><span style=\"font-family: Calibri, serif;\"><span style=\"font-size: medium;\"><u><b>separazione dei rifiuti<\/b><\/u><\/span><\/span><span style=\"font-family: Calibri, serif;\"><span style=\"font-size: medium;\"> ne consente l\u2019avvio al recupero e al riciclo, generando VALORE per tutti. <\/span><\/span><\/p>\n<p align=\"JUSTIFY\"><span style=\"font-family: Calibri, serif;\"><span style=\"font-size: medium;\">L\u2019amministrazione comunale di Catania, esorta a rispettare il calendario di conferimento consegnato. Si raccomanda di esporre i rifiuti nei giorni stabiliti dalle 20 alle 22.30, seguendo le modalit\u00e0 previste. I Vigili Urbani provvederanno, infatti ad elevare multe a chi non rispetter\u00e0 le regole. Per ulteriori informazioni \u00e8 possibile contattare il <\/span><\/span><span style=\"font-family: Calibri, serif;\"><span style=\"font-size: medium;\"><b>numero verde 800 594 444<\/b><\/span><\/span><span style=\"font-family: Calibri, serif;\"><span style=\"font-size: medium;\">.<\/span><\/span><\/p>\n<div id=\"voism-672727159\" class=\"voism-fine voism-entity-placement\"><a href=\"https:\/\/amzn.to\/2Y0db7E\" aria-label=\"\"><\/a><\/div>","protected":false},"excerpt":{"rendered":"<p>L\u2019Amministrazione Comunale di Catania rende noto che da Luned\u00ec 13 giugno 2016, nelle aree interessate dal sistema sperimentale di raccolta differenziata Porta a Porta (che ricordiamo vanno a Nord da via Rosso di San Secondo, a Est dal viale Vittorio Veneto, a Ovest da via Caronda e a Sud all&#8217;asse viale Regina Margherita &#8211; viale &#8230;<\/p>\n","protected":false},"author":14,"featured_media":0,"comment_status":"open","ping_status":"open","sticky":false,"template":"","format":"standard","meta":{"footnotes":""},"categories":[6789,6676],"tags":[],"class_list":["post-39743","post","type-post","status-publish","format-standard","hentry","category-informazione","category-news-locali"],"aioseo_notices":[],"_links":{"self":[{"href":"https:\/\/www.voismagazine.it\/dp\/wp-json\/wp\/v2\/posts\/39743","targetHints":{"allow":["GET"]}}],"collection":[{"href":"https:\/\/www.voismagazine.it\/dp\/wp-json\/wp\/v2\/posts"}],"about":[{"href":"https:\/\/www.voismagazine.it\/dp\/wp-json\/wp\/v2\/types\/post"}],"author":[{"embeddable":true,"href":"https:\/\/www.voismagazine.it\/dp\/wp-json\/wp\/v2\/users\/14"}],"replies":[{"embeddable":true,"href":"https:\/\/www.voismagazine.it\/dp\/wp-json\/wp\/v2\/comments?post=39743"}],"version-history":[{"count":2,"href":"https:\/\/www.voismagazine.it\/dp\/wp-json\/wp\/v2\/posts\/39743\/revisions"}],"predecessor-version":[{"id":39746,"href":"https:\/\/www.voismagazine.it\/dp\/wp-json\/wp\/v2\/posts\/39743\/revisions\/39746"}],"wp:attachment":[{"href":"https:\/\/www.voismagazine.it\/dp\/wp-json\/wp\/v2\/media?parent=39743"}],"wp:term":[{"taxonomy":"category","embeddable":true,"href":"https:\/\/www.voismagazine.it\/dp\/wp-json\/wp\/v2\/categories?post=39743"},{"taxonomy":"post_tag","embeddable":true,"href":"https:\/\/www.voismagazine.it\/dp\/wp-json\/wp\/v2\/tags?post=39743"}],"curies":[{"name":"wp","href":"https:\/\/api.w.org\/{rel}","templated":true}]}}