{"id":39679,"date":"2016-06-13T17:42:44","date_gmt":"2016-06-13T15:42:44","guid":{"rendered":"http:\/\/www.voismagazine.it\/dp\/?p=39679"},"modified":"2016-06-13T17:42:44","modified_gmt":"2016-06-13T15:42:44","slug":"europei-calcio-maxischermo-in-piazza-universita","status":"publish","type":"post","link":"https:\/\/www.voismagazine.it\/dp\/2016\/06\/13\/europei-calcio-maxischermo-in-piazza-universita\/","title":{"rendered":"Europei calcio: maxischermo in piazza Universit\u00e0"},"content":{"rendered":"<div id=\"voism-3554729455\" class=\"voism-prima-del-contenuto voism-entity-placement\"><a href=\"https:\/\/amzn.to\/2Y0db7E\" aria-label=\"\"><\/a><\/div><div style=\"text-align: justify;\"><a href=\"http:\/\/www.voismagazine.it\/dp\/2016\/06\/13\/europei-calcio-maxischermo-in-piazza-universita\/maxischermo\/\" rel=\"attachment wp-att-39680\"><img loading=\"lazy\" decoding=\"async\" class=\"alignleft size-medium wp-image-39680\" src=\"http:\/\/www.voismagazine.it\/dp\/wp-content\/uploads\/2016\/06\/MAXISCHERMO-300x198.jpg\" alt=\"MAXISCHERMO\" width=\"300\" height=\"198\" \/><\/a>L&#8217;iniziativa dell&#8217;Amministrazione comunale in collaborazione con &#8220;Vision Sicily&#8221; dar\u00e0 ai Catanesi la possibilit\u00e0 incontrarsi e tifare tutti insieme per l&#8217;Italia, come gi\u00e0 avvenuto per i Mondiali del Brasile del 2014. L&#8217;appuntamento con la partita inaugurale, Francia-Romania, \u00e8 per domani alle 21, quello con la prima sfida degli Azzurri, Belgio-Italia, luned\u00ec 13 giugno alle 21<\/div>\n<div style=\"text-align: justify;\"><\/div>\n<div style=\"text-align: justify;\">Torna il maxischermo in piazza Universit\u00e0 in occasione degli Europei di calcio che stanno per prendere il via in Francia. L&#8217;iniziativa \u00e8 stata presa dall&#8217;Amministrazione comunale in collaborazione con la societ\u00e0 &#8220;Vision Sicily srl&#8221; per consentire a cittadini e turisti di seguire &#8220;open air&#8221; e in una cornice suggestiva, le imprese degli Azzurri, ma non solo. Saranno visibili infatti 27 partite: tutte quelle della Nazionale italiana e le pi\u00f9 importanti, ossia gli incontri trasmessi dalla Rai. Cos\u00ec come in una precedente esperienza, quella dei Mondiali del Brasile del 2014, che videro una considerevole partecipazione di pubblico che tifava per l&#8217;Italia, lo schermo sar\u00e0 fornito a titolo gratuito per l&#8217;Amministrazione, rimarr\u00e0 infatti acceso dalle 8,30 del mattino all&#8217;1,30 di notte fino al 10 luglio e su esso saranno visibili, oltre alle partite, anche numerosi filmati di promozione del patrimonio architettonico, storico-artistico e culturale di Catania e dell&#8217;Etna, anche in collaborazione con l&#8217;Assessorato regionale al Turismo.<\/div>\n<div style=\"text-align: justify;\"><\/div>\n<div style=\"text-align: justify;\">L&#8217;appuntamento con la partita inaugurale degli Europei, Francia-Romania, \u00e8 per domani, venerd\u00ec 10 giugno, alle 21. La prima sfida degli Azzurri, si disputer\u00e0 luned\u00ec 13 giugno alle 21 e la nostra Nazionale giocher\u00e0 contro il Belgio.<\/div>\n<div id=\"voism-4225705962\" class=\"voism-fine voism-entity-placement\"><a href=\"https:\/\/amzn.to\/2Y0db7E\" aria-label=\"\"><\/a><\/div>","protected":false},"excerpt":{"rendered":"<p>L&#8217;iniziativa dell&#8217;Amministrazione comunale in collaborazione con &#8220;Vision Sicily&#8221; dar\u00e0 ai Catanesi la possibilit\u00e0 incontrarsi e tifare tutti insieme per l&#8217;Italia, come gi\u00e0 avvenuto per i Mondiali del Brasile del 2014. L&#8217;appuntamento con la partita inaugurale, Francia-Romania, \u00e8 per domani alle 21, quello con la prima sfida degli Azzurri, Belgio-Italia, luned\u00ec 13 giugno alle 21 Torna &#8230;<\/p>\n","protected":false},"author":14,"featured_media":0,"comment_status":"open","ping_status":"open","sticky":false,"template":"","format":"standard","meta":{"footnotes":""},"categories":[6532,6789,6380],"tags":[],"class_list":["post-39679","post","type-post","status-publish","format-standard","hentry","category-eventi-cultura-e-spettacolo","category-informazione","category-sport"],"aioseo_notices":[],"_links":{"self":[{"href":"https:\/\/www.voismagazine.it\/dp\/wp-json\/wp\/v2\/posts\/39679","targetHints":{"allow":["GET"]}}],"collection":[{"href":"https:\/\/www.voismagazine.it\/dp\/wp-json\/wp\/v2\/posts"}],"about":[{"href":"https:\/\/www.voismagazine.it\/dp\/wp-json\/wp\/v2\/types\/post"}],"author":[{"embeddable":true,"href":"https:\/\/www.voismagazine.it\/dp\/wp-json\/wp\/v2\/users\/14"}],"replies":[{"embeddable":true,"href":"https:\/\/www.voismagazine.it\/dp\/wp-json\/wp\/v2\/comments?post=39679"}],"version-history":[{"count":2,"href":"https:\/\/www.voismagazine.it\/dp\/wp-json\/wp\/v2\/posts\/39679\/revisions"}],"predecessor-version":[{"id":39682,"href":"https:\/\/www.voismagazine.it\/dp\/wp-json\/wp\/v2\/posts\/39679\/revisions\/39682"}],"wp:attachment":[{"href":"https:\/\/www.voismagazine.it\/dp\/wp-json\/wp\/v2\/media?parent=39679"}],"wp:term":[{"taxonomy":"category","embeddable":true,"href":"https:\/\/www.voismagazine.it\/dp\/wp-json\/wp\/v2\/categories?post=39679"},{"taxonomy":"post_tag","embeddable":true,"href":"https:\/\/www.voismagazine.it\/dp\/wp-json\/wp\/v2\/tags?post=39679"}],"curies":[{"name":"wp","href":"https:\/\/api.w.org\/{rel}","templated":true}]}}