{"id":39671,"date":"2016-06-13T17:37:11","date_gmt":"2016-06-13T15:37:11","guid":{"rendered":"http:\/\/www.voismagazine.it\/dp\/?p=39671"},"modified":"2016-06-13T17:37:11","modified_gmt":"2016-06-13T15:37:11","slug":"trasporti-bianco-via-a-lavori-in-viale-africa-a-natale-aperta-intera-tratta-metro","status":"publish","type":"post","link":"https:\/\/www.voismagazine.it\/dp\/2016\/06\/13\/trasporti-bianco-via-a-lavori-in-viale-africa-a-natale-aperta-intera-tratta-metro\/","title":{"rendered":"Trasporti: Bianco, &#8220;Via a lavori in viale Africa, a Natale aperta intera tratta metro&#8221;"},"content":{"rendered":"<div id=\"voism-1562595985\" class=\"voism-prima-del-contenuto voism-entity-placement\"><a href=\"https:\/\/amzn.to\/2Y0db7E\" aria-label=\"\"><\/a><\/div><div style=\"text-align: justify;\"><a href=\"http:\/\/www.voismagazine.it\/dp\/2016\/06\/13\/trasporti-bianco-via-a-lavori-in-viale-africa-a-natale-aperta-intera-tratta-metro\/viabilita-viale-africa\/\" rel=\"attachment wp-att-39672\"><img loading=\"lazy\" decoding=\"async\" class=\"alignleft size-medium wp-image-39672\" src=\"http:\/\/www.voismagazine.it\/dp\/wp-content\/uploads\/2016\/06\/viabilit\u00e0-viale-Africa-300x192.jpg\" alt=\"viabilit\u00e0 viale Africa\" width=\"300\" height=\"192\" \/><\/a>Il Sindaco, &#8220;Si tratta di una magnifica notizia per la nostra citt\u00e0: entro l&#8217;anno potremo lasciare l&#8217;auto a Nesima e raggiungere in pochi minuti la piazza Stesicoro&#8221;. D&#8217;Agata, &#8220;Per consentire i lavori, che prenderanno il via il 13 giugno, l&#8217;Utu ha approntato un piano del traffico alternativo. La riapertura della prima carreggiata \u00e8 prevista per il 23 luglio e la seconda per il 12 agosto&#8221;<\/div>\n<div style=\"text-align: justify;\"><\/div>\n<div style=\"text-align: justify;\">&#8220;La partenza dei lavori della metropolitana in viale Africa significa che, come mi anno assicurato dalla Fce, per questo Natale sar\u00e0 aperta l&#8217;intera tratta della Metro e potremo lasciare l&#8217;auto a Nesima raggiungendo in pochi minuti la piazza Stesicoro, nel cuore di Catania&#8221;.<\/div>\n<div style=\"text-align: justify;\">Lo ha detto il sindaco di Catania Enzo Bianco sottolineando che si tratta di &#8220;una magnifica notizia per la nostra citt\u00e0: si concretizza finalmente un sogno iniziato quasi vent&#8217;anni fa, durante la mia precedente esperienza alla guida di Catania&#8221;.<\/div>\n<div style=\"text-align: justify;\">Il sindaco Bianco in questi mesi, per via delle difficolt\u00e0 della Tecnis a cui \u00e8 affidata la realizzazione della metropolitana, \u00e8 stato in costante contatto sia con il commissario dell&#8217;azienda, Saverio Ruperto, sia con il commissario della Fce Virginio Di Giambattista per seguire da vicino l&#8217;evolversi della situazione.<\/div>\n<div style=\"text-align: justify;\">Soddisfatto anche l&#8217;assessore alla Mobilit\u00e0 Rosario D&#8217;Agata che ha spiegato come i lavori comporteranno la chiusura, a partire dal 13 giugno, dell&#8217;ultimo tratto di viale Africa, dalla via Archimede alla piazza Giovanni XXIII. I lavori consentiranno di realizzare il tratto sotterraneo tra la Stazione centrale delle ferrovie e quella della stessa Metro.<\/div>\n<div style=\"text-align: justify;\"><\/div>\n<div style=\"text-align: justify;\">&#8220;E&#8217; stato studiato &#8211; ha spiegato D&#8217;Agata &#8211; un piano del traffico alternativo, schematizzato in una planimetria approntata dall&#8217;Ufficio traffico urbano, che prevede, per i veicoli provenienti da piazza Europa\u00a0 e diretti alla piazza Giovanni XXIII, un percorso che passa dal viale Africa a via D&#8217;Amico, viale Libert\u00e0, via Archimede, via Enrico De Nicola e corso Martiri della Libert\u00e0. Le vetture dirette verso piazza Europa dovranno invece percorrere il viale Libert\u00e0 in direzione nord e via Archimede in direzione est raggiungendo dunque il viale Africa nel tratto percorribile. Nella zona si trova l&#8217;Istituto comprensivo Sante Giuffrida, ma visto che le lezioni si sono concluse il traffico verso la scuola dovrebbe essere quasi nullo. Dal 13 giugno questi percorsi saranno indicati da una segnaletica temporanea e in tutta l&#8217;area ci saranno pattuglie della Polizia municipale per dirigere il traffico&#8221;.<\/div>\n<div style=\"text-align: justify;\">D&#8217;Agata ha reso noto inoltre che &#8220;la riapertura della prima carreggiata del viale Africa \u00e8 prevista per il 23 luglio e la seconda per il 12 agosto. Entro quella data, dunque, l&#8217;attuale viabilit\u00e0 verr\u00e0 completamente ripristinata&#8221;.<\/div>\n<div id=\"voism-1558137920\" class=\"voism-fine voism-entity-placement\"><a href=\"https:\/\/amzn.to\/2Y0db7E\" aria-label=\"\"><\/a><\/div>","protected":false},"excerpt":{"rendered":"<p>Il Sindaco, &#8220;Si tratta di una magnifica notizia per la nostra citt\u00e0: entro l&#8217;anno potremo lasciare l&#8217;auto a Nesima e raggiungere in pochi minuti la piazza Stesicoro&#8221;. D&#8217;Agata, &#8220;Per consentire i lavori, che prenderanno il via il 13 giugno, l&#8217;Utu ha approntato un piano del traffico alternativo. La riapertura della prima carreggiata \u00e8 prevista per &#8230;<\/p>\n","protected":false},"author":14,"featured_media":0,"comment_status":"open","ping_status":"open","sticky":false,"template":"","format":"standard","meta":{"footnotes":""},"categories":[6789,6676],"tags":[],"class_list":["post-39671","post","type-post","status-publish","format-standard","hentry","category-informazione","category-news-locali"],"aioseo_notices":[],"_links":{"self":[{"href":"https:\/\/www.voismagazine.it\/dp\/wp-json\/wp\/v2\/posts\/39671","targetHints":{"allow":["GET"]}}],"collection":[{"href":"https:\/\/www.voismagazine.it\/dp\/wp-json\/wp\/v2\/posts"}],"about":[{"href":"https:\/\/www.voismagazine.it\/dp\/wp-json\/wp\/v2\/types\/post"}],"author":[{"embeddable":true,"href":"https:\/\/www.voismagazine.it\/dp\/wp-json\/wp\/v2\/users\/14"}],"replies":[{"embeddable":true,"href":"https:\/\/www.voismagazine.it\/dp\/wp-json\/wp\/v2\/comments?post=39671"}],"version-history":[{"count":2,"href":"https:\/\/www.voismagazine.it\/dp\/wp-json\/wp\/v2\/posts\/39671\/revisions"}],"predecessor-version":[{"id":39674,"href":"https:\/\/www.voismagazine.it\/dp\/wp-json\/wp\/v2\/posts\/39671\/revisions\/39674"}],"wp:attachment":[{"href":"https:\/\/www.voismagazine.it\/dp\/wp-json\/wp\/v2\/media?parent=39671"}],"wp:term":[{"taxonomy":"category","embeddable":true,"href":"https:\/\/www.voismagazine.it\/dp\/wp-json\/wp\/v2\/categories?post=39671"},{"taxonomy":"post_tag","embeddable":true,"href":"https:\/\/www.voismagazine.it\/dp\/wp-json\/wp\/v2\/tags?post=39671"}],"curies":[{"name":"wp","href":"https:\/\/api.w.org\/{rel}","templated":true}]}}