{"id":39565,"date":"2016-06-07T19:22:50","date_gmt":"2016-06-07T17:22:50","guid":{"rendered":"http:\/\/www.voismagazine.it\/dp\/?p=39565"},"modified":"2016-06-07T19:22:50","modified_gmt":"2016-06-07T17:22:50","slug":"orti-urbani-bianco-pubblicato-bando-i-primi-dieci-assegnati-entro-inizio-luglio","status":"publish","type":"post","link":"https:\/\/www.voismagazine.it\/dp\/2016\/06\/07\/orti-urbani-bianco-pubblicato-bando-i-primi-dieci-assegnati-entro-inizio-luglio\/","title":{"rendered":"Orti urbani: Bianco, &#8220;Pubblicato bando, i primi dieci assegnati entro inizio luglio&#8221;"},"content":{"rendered":"<div id=\"voism-3337757000\" class=\"voism-prima-del-contenuto voism-entity-placement\"><a href=\"https:\/\/amzn.to\/2Y0db7E\" aria-label=\"\"><\/a><\/div><div style=\"text-align: justify;\"><a href=\"http:\/\/www.voismagazine.it\/dp\/2016\/06\/07\/orti-urbani-bianco-pubblicato-bando-i-primi-dieci-assegnati-entro-inizio-luglio\/orti-urbani-1-2\/\" rel=\"attachment wp-att-39567\"><img loading=\"lazy\" decoding=\"async\" class=\"alignleft size-medium wp-image-39567\" src=\"http:\/\/www.voismagazine.it\/dp\/wp-content\/uploads\/2016\/06\/orti-urbani-1-1-300x218.jpg\" alt=\"orti urbani 1\" width=\"300\" height=\"218\" \/><\/a>Il Sindaco, &#8220;Questo progetto porter\u00e0 in maniera modulare alla realizzazione a Librino di uno dei pi\u00f9 grandi parchi urbani con orti e frutteti d&#8217;Europa dando contemporaneamente a famiglie, condomini, pensionati, scuole e associazioni la possibilit\u00e0 di coltivare ortaggi e frutta&#8221;. Di Salvo, &#8220;Intensificheremo incontri nella Municipalit\u00e0, nelle parrocchie, nei condomini&#8221;. D&#8217;Agata, &#8220;Chi gestir\u00e0 gli appezzamenti, dotati di punto acqua, potr\u00e0 fruire di un periodo di formazione e di un tutoraggio e acquistare semi e alberelli a prezzi agevolati<\/div>\n<div style=\"text-align: justify;\"><\/div>\n<div style=\"text-align: justify;\">&#8220;Entro l&#8217;inizio di luglio potremo assegnare a Librino i primi dieci orti e frutteti urbani in viale Castagnola Librino vicino alla scuola Campanella-Sturzo&#8221;.<\/div>\n<div style=\"text-align: justify;\">Lo ha detto il sindaco di Catania Enzo Bianco commentando la notizia della pubblicazione del bando da parte della Direzione Ecologia.<\/div>\n<div style=\"text-align: justify;\">&#8220;Questo progetto &#8211; ha detto il Sindaco &#8211; ispirata al concetto di sostenibilit\u00e0 ambientale e inserito nel nostro programma Catania +10, porter\u00e0 in maniera modulare alla realizzazione di uno dei pi\u00f9 grandi parchi urbani con orti e frutteti d&#8217;Europa dando contemporaneamente a famiglie, condomini, pensionati, scuole e associazioni la possibilit\u00e0 di coltivare ortaggi e frutta. Avvicineremo i giovani alla natura e alla terra creando spazi verdi in cui organizzare esposizioni di sculture e altri eventi culturali con la collaborazione di scuole, accademie, universit\u00e0, associazioni accrescendo il decoro urbano&#8221;.<\/div>\n<div style=\"text-align: justify;\"><\/div>\n<div style=\"text-align: justify;\">La creazione degli orti urbani era stata deliberata dalla Giunta municipale il nove febbraio del 2016. In questa fase sperimentale il bando affider\u00e0 due lotti per orti didattici, due per orti sociali, due per associazioni e quattro per famiglie. Nel prossimo bando saranno inseriti anche i lotti per gli orti di condominio. I lavori preliminari &#8211; di scerbamento e ripulitura &#8211; sui terreni del progetto pilota sugli Orti e i frutteti urbani a Librino erano cominciati gi\u00e0 nel marzo scorso. Questi primi dieci lotti saranno dotati dall&#8217;Amministrazione di un punto acqua per l&#8217;irrigazione e gli assegnatari potranno inoltre acquistare a prezzi agevolati piantine, bulbi, sementi, alberelli, fertilizzanti e antiparassitari naturali.<\/div>\n<div style=\"text-align: justify;\"><\/div>\n<div style=\"text-align: justify;\">Le domande di assegnazione possono essere presentate dai residenti nel Comune &#8211; in caso di associazioni o istituti scolastici baster\u00e0 che la sede sociale ricada nel territorio comunale &#8211; che non dispongano, di terreni coltivabili a Catania, non siano imprenditori agricoli con partita Iva e non abbiano subito condanne o abbiano procedimenti penali in corso. Per dimostrare di essere in possesso dei requisiti baster\u00e0 presentare un&#8217;autocertificazione da aggiungere, con la copia di un documento d&#8217;identit\u00e0 valido, alla domanda &#8211; il modulo da compilare \u00e8 scaricabile dal sito del Comune e disponibile anche negli uffici della Direzione Ecologia e della VI Circoscrizione. Tutto questo materiale andr\u00e0 consegnato, in busta chiusa, all&#8217;Ufficio Protocollo della Direzione Ecologia del Comune di Catania le 12 del 27 giugno. Il plico, con la dicitura &#8220;Bando per l&#8217;assegnazione di orti urbani Librino&#8221;, potr\u00e0 anche essere inviato per posta alla Direzione Ecologia del Comune-Commissione Orti Urbani, via Pulvirenti 4, 95128 Catania. Far\u00e0 fede comunque il timbro di accettazione dell&#8217;ufficio Protocollo e non il timbro postale.<\/div>\n<div style=\"text-align: justify;\"><\/div>\n<div style=\"text-align: justify;\">Ricevute tutte le domande la Commissione Orti Urbani, stiler\u00e0 subito le graduatorie provvisorie, che saranno pubblicate sull&#8217;Albo Pretorio on-line, sul sito web del Comune e affisse nella sede della VI Circoscrizione (Stradale San Giorgio, 27) per almeno cinque giorni consecutivi durante i quali potranno essere presentati eventuali ricorsi alla Direzione Ecologia-Commissione Orti Urbani. Poi verranno stilate le graduatorie definitive e saranno assegnati gli orti.<\/div>\n<div style=\"text-align: justify;\">&#8220;Abbiamo gi\u00e0 &#8211; ha sottolineato l&#8217;assessore Di Salvo &#8211; organizzato diversi incontri a Librino, ma adesso li intensificheremo in maniera da spiegare nei dettagli come funzioneranno orti e frutteti urbani agli abitanti del quartiere, dando loro informazioni anche su come presentare le domande. Le riunioni si svolgeranno nella sede della Municipalit\u00e0 ma anche nelle parrocchie, nei condomini e con le associazioni. Finora l&#8217;idea di poter coltivare frutta e verdura in questi lotti \u00e8 stata molto apprezzata dagli abitanti di Librino che si sono dimostrati interessati e soddisfatti&#8221;.<\/div>\n<div style=\"text-align: justify;\"><\/div>\n<div style=\"text-align: justify;\">&#8220;Nel corso degli incontri &#8211; ha aggiunto l&#8217;assessore D&#8217;Agata &#8211; spiegheremo anche che coloro i quali gestiranno gli orti e i frutteti potranno fruire di un periodo di formazione per l&#8217;avvio delle coltivazioni e di un successivo tutoraggio a cura della Direzione Ecologia e Ambiente e con la collaborazione delle associazioni dell&#8217;agricoltura e di altri enti pubblici. Ovviamente orti e frutteti dovranno essere coltivati nel rispetto dell&#8217;ecosistema producendo frutta e verdura biologica, e senza utilizzare diserbanti, antiparassitari e fitofarmaci e seguendo la stagionalit\u00e0 dei prodotti&#8221;.<\/div>\n<div style=\"text-align: justify;\"><\/div>\n<div style=\"text-align: justify;\">LE REGOLE<\/div>\n<div style=\"text-align: justify;\">Per ogni orto &#8211; la cui assegnazione avr\u00e0 durata quadriennale con possibilit\u00e0 di rinnovo &#8211; sar\u00e0 pagato un canone annuo che sar\u00e0 stabilito dal Comune. I lotti per gli orti sociali, riservati a pensionati e a persone in condizioni di disagio sociale, cos\u00ec come quelli per le famiglie non saranno pi\u00f9 grandi di 200 metri quadrati. Le aree pi\u00f9 vaste saranno quelle per i condominii, in cui, in rapporto al numero di famiglie che ne fanno richiesta, potranno essere assegnati pi\u00f9 appezzamenti vicini fino a un massimo di 4.000 metri quadrati. Per gli orti didattici, in cui si svolgeranno attivit\u00e0 teoriche e pratiche per bambini, adolescenti e giovani, potranno essere assegnati lotti limitrofi sino a un massimo di 2000 metri quadrati. Stesso sistema per gli orti riservati alle associazioni, dedicati alla produzione di frutta, ortaggi a sostegno di progetti di formazione-lavoro per inoccupati e disoccupati o a sostegno della riabilitazione piscofisica. La commercializzazione sar\u00e0 ammessa solo per coprire i costi dei progetti di formazione-lavoro.<\/div>\n<div style=\"text-align: justify;\">Gli orti dovranno essere coltivati direttamente dagli assegnatari o dai loro familiari, senza manodopera retribuita. Negli orti non sar\u00e0 consentito rimanere nelle ore notturne, tenere animali da compagnia o da allevamento e accendere fuochi o braci.<\/div>\n<div id=\"voism-3679439324\" class=\"voism-fine voism-entity-placement\"><a href=\"https:\/\/amzn.to\/2Y0db7E\" aria-label=\"\"><\/a><\/div>","protected":false},"excerpt":{"rendered":"<p>Il Sindaco, &#8220;Questo progetto porter\u00e0 in maniera modulare alla realizzazione a Librino di uno dei pi\u00f9 grandi parchi urbani con orti e frutteti d&#8217;Europa dando contemporaneamente a famiglie, condomini, pensionati, scuole e associazioni la possibilit\u00e0 di coltivare ortaggi e frutta&#8221;. Di Salvo, &#8220;Intensificheremo incontri nella Municipalit\u00e0, nelle parrocchie, nei condomini&#8221;. D&#8217;Agata, &#8220;Chi gestir\u00e0 gli appezzamenti, &#8230;<\/p>\n","protected":false},"author":14,"featured_media":0,"comment_status":"open","ping_status":"open","sticky":false,"template":"","format":"standard","meta":{"footnotes":""},"categories":[6789,6676],"tags":[],"class_list":["post-39565","post","type-post","status-publish","format-standard","hentry","category-informazione","category-news-locali"],"aioseo_notices":[],"_links":{"self":[{"href":"https:\/\/www.voismagazine.it\/dp\/wp-json\/wp\/v2\/posts\/39565","targetHints":{"allow":["GET"]}}],"collection":[{"href":"https:\/\/www.voismagazine.it\/dp\/wp-json\/wp\/v2\/posts"}],"about":[{"href":"https:\/\/www.voismagazine.it\/dp\/wp-json\/wp\/v2\/types\/post"}],"author":[{"embeddable":true,"href":"https:\/\/www.voismagazine.it\/dp\/wp-json\/wp\/v2\/users\/14"}],"replies":[{"embeddable":true,"href":"https:\/\/www.voismagazine.it\/dp\/wp-json\/wp\/v2\/comments?post=39565"}],"version-history":[{"count":2,"href":"https:\/\/www.voismagazine.it\/dp\/wp-json\/wp\/v2\/posts\/39565\/revisions"}],"predecessor-version":[{"id":39569,"href":"https:\/\/www.voismagazine.it\/dp\/wp-json\/wp\/v2\/posts\/39565\/revisions\/39569"}],"wp:attachment":[{"href":"https:\/\/www.voismagazine.it\/dp\/wp-json\/wp\/v2\/media?parent=39565"}],"wp:term":[{"taxonomy":"category","embeddable":true,"href":"https:\/\/www.voismagazine.it\/dp\/wp-json\/wp\/v2\/categories?post=39565"},{"taxonomy":"post_tag","embeddable":true,"href":"https:\/\/www.voismagazine.it\/dp\/wp-json\/wp\/v2\/tags?post=39565"}],"curies":[{"name":"wp","href":"https:\/\/api.w.org\/{rel}","templated":true}]}}