{"id":39561,"date":"2016-06-07T19:18:07","date_gmt":"2016-06-07T17:18:07","guid":{"rendered":"http:\/\/www.voismagazine.it\/dp\/?p=39561"},"modified":"2016-06-07T19:18:07","modified_gmt":"2016-06-07T17:18:07","slug":"domani-il-sindaco-bianco-presenta-il-libro-di-maurizio-molinari-jihad-guerra-alloccidente","status":"publish","type":"post","link":"https:\/\/www.voismagazine.it\/dp\/2016\/06\/07\/domani-il-sindaco-bianco-presenta-il-libro-di-maurizio-molinari-jihad-guerra-alloccidente\/","title":{"rendered":"Domani il sindaco Bianco presenta il libro di Maurizio Molinari &#8220;Jihad &#8211; Guerra all&#8217;Occidente&#8221;"},"content":{"rendered":"<div id=\"voism-2497233777\" class=\"voism-prima-del-contenuto voism-entity-placement\"><a href=\"https:\/\/amzn.to\/2Y0db7E\" aria-label=\"\"><\/a><\/div><div style=\"text-align: justify;\"><a href=\"http:\/\/www.voismagazine.it\/dp\/2016\/06\/07\/domani-il-sindaco-bianco-presenta-il-libro-di-maurizio-molinari-jihad-guerra-alloccidente\/molinari-libro\/\" rel=\"attachment wp-att-39562\"><img loading=\"lazy\" decoding=\"async\" class=\"alignleft size-medium wp-image-39562\" src=\"http:\/\/www.voismagazine.it\/dp\/wp-content\/uploads\/2016\/06\/molinari-libro-300x203.jpg\" alt=\"molinari libro\" width=\"300\" height=\"203\" \/><\/a>Domani, mercoled\u00ec 8 giugno 2016, alle ore 18, nella sala conferenze &#8220;Concetto Marchesi&#8221;, nel Palazzo della Cultura in via Vittorio Emanuele n. 121, il sindaco di Catania e il giornalista Nino Milazzo dialogheranno con l&#8217;autore Maurizio Molinari, direttore del quotidiano &#8220;La Stampa&#8221;, sul suo ultimo libro &#8220;Jihad &#8211; Guerra all&#8217;Occidente&#8221;. Moderer\u00e0 il giornalista Salvo Fallica.<\/div>\n<div style=\"text-align: justify;\"><\/div>\n<div style=\"text-align: justify;\">Il libro di Molinari, attento osservatore del mondo islamico, spiega perfettamente quello che sta avvenendo non solo in Medio Oriente o nel Nord Africa. Chiarisce in maniera inequivocabile e puntuale che siamo di fronte ad un conflitto di civilt\u00e0 che si consuma all&amp;#8217;interno del mondo musulmano e vede i maggiori contendenti puntare a unificare l&#8217;Islam sotto la propria egemonia, adoperando nei confronti del proprio nemico il termine takfiri &#8211; apostata &#8211; al fine di privarlo di legittimit\u00e0, emarginarlo, sconfiggerlo e in ultima analisi eliminarlo. Avere tale grande guerra sull&amp;#8217;uscio di casa significa per l&#8217;Europa doverla affrontare, perch\u00e9 il massacro di Parigi, e non solo quello, dimostra che pu\u00f2 essere invasa e diventare teatro di combattimenti. Molinari cerca di porre rimedio alla grave ignoranza di noi europei: non conoscere quel mondo, i suoi meccanismi, i suoi protagonisti; non avere le idee chiare dei sentimenti di quella gente, del loro sentire e del modo, per loro, normale di comportarsi. Molinari non solo spiega e precisa con cura e attenzione ma avverte e ammonisce. L&#8217;incipit del libro non lascia dubbi: \u00abAbbiamo i barbari alle porte di casa. Vogliono portare il terrore nelle nostre citt\u00e0, decapitare i passanti, stravolgere la vita di milioni di persone, obbligarci a rinunciare alle libert\u00e0 civili e precipitarci in un Medioevo sanguinario. A muoverli \u00e8 l&#8217;ideologia della jihad, la volont\u00e0 di combattere gli &#8220;infedeli&#8221;, di imporre su ognuno la versione pi\u00f9 estrema e intollerante della sharia, la legge islamica\u00bb.<\/div>\n<div style=\"text-align: justify;\"><\/div>\n<div style=\"text-align: justify;\"><strong>Maurizio Molinari<\/strong>, giornalista e scrittore, ha 51 anni, dall&#8217;1 gennaio 2016 \u00e8 il direttore responsabile del quotidiano La Stampa.<\/div>\n<div style=\"text-align: justify;\">Ha studiato all&#8217;Harris Manchester College di Oxford e all&#8217;Universit\u00e0 ebraica di Gerusalemme e si \u00e8 laureato in scienze politiche nel 1989 e in storia nel 1993 all&#8217;Universit\u00e0 La Sapienza di Roma. \u00c8 giornalista dal 1984, professionista dal 1989.<\/div>\n<div style=\"text-align: justify;\">Vive a Torino, \u00e8 sposato dal 1994 ed ha quattro figli (due coppie di gemelli), tutti nati a New York.<\/div>\n<div style=\"text-align: justify;\">Dal 1997 lavora per La Stampa, di cui \u00e8 per oltre un decennio (2001-2014) corrispondente da New York. Lo \u00e8 stato, anche se per poco tempo, da Bruxelles e da Gerusalemme.<\/div>\n<div style=\"text-align: justify;\">Ha scritto anche su testate come L&#8217;Indipendente, L&#8217;Opinione, Il Tempo, Il Foglio, Panorama; collabora con La7 (dove \u00e8 stato ospite fisso di Otto e mezzo, al tempo condotto da Giuliano Ferrara), RaiNews24, Sky TG 24 e Tg5.<\/div>\n<div style=\"text-align: justify;\">Tra il 2000 e il 2015 Molinari \u00e8 stato uno scrittore prolifico, con una media di un saggio pubblicato all&#8217;anno. Il suo libro Il Califfato del terrore (2015) \u00e8 presentato da Roberto Saviano come il libro che \u00abTutti dovremmo leggere\u00bb.<\/div>\n<div>Il 26 novembre 2015 viene nominato nuovo direttore de La Stampa di Torino al posto di Mario Calabresi. Molinari \u00e8 affiancato da Massimo Russo (Wired) come condirettore.<\/div>\n<div id=\"voism-1625306638\" class=\"voism-fine voism-entity-placement\"><a href=\"https:\/\/amzn.to\/2Y0db7E\" aria-label=\"\"><\/a><\/div>","protected":false},"excerpt":{"rendered":"<p>Domani, mercoled\u00ec 8 giugno 2016, alle ore 18, nella sala conferenze &#8220;Concetto Marchesi&#8221;, nel Palazzo della Cultura in via Vittorio Emanuele n. 121, il sindaco di Catania e il giornalista Nino Milazzo dialogheranno con l&#8217;autore Maurizio Molinari, direttore del quotidiano &#8220;La Stampa&#8221;, sul suo ultimo libro &#8220;Jihad &#8211; Guerra all&#8217;Occidente&#8221;. Moderer\u00e0 il giornalista Salvo Fallica. &#8230;<\/p>\n","protected":false},"author":14,"featured_media":0,"comment_status":"open","ping_status":"open","sticky":false,"template":"","format":"standard","meta":{"footnotes":""},"categories":[6532,6789,6676],"tags":[],"class_list":["post-39561","post","type-post","status-publish","format-standard","hentry","category-eventi-cultura-e-spettacolo","category-informazione","category-news-locali"],"aioseo_notices":[],"_links":{"self":[{"href":"https:\/\/www.voismagazine.it\/dp\/wp-json\/wp\/v2\/posts\/39561","targetHints":{"allow":["GET"]}}],"collection":[{"href":"https:\/\/www.voismagazine.it\/dp\/wp-json\/wp\/v2\/posts"}],"about":[{"href":"https:\/\/www.voismagazine.it\/dp\/wp-json\/wp\/v2\/types\/post"}],"author":[{"embeddable":true,"href":"https:\/\/www.voismagazine.it\/dp\/wp-json\/wp\/v2\/users\/14"}],"replies":[{"embeddable":true,"href":"https:\/\/www.voismagazine.it\/dp\/wp-json\/wp\/v2\/comments?post=39561"}],"version-history":[{"count":2,"href":"https:\/\/www.voismagazine.it\/dp\/wp-json\/wp\/v2\/posts\/39561\/revisions"}],"predecessor-version":[{"id":39564,"href":"https:\/\/www.voismagazine.it\/dp\/wp-json\/wp\/v2\/posts\/39561\/revisions\/39564"}],"wp:attachment":[{"href":"https:\/\/www.voismagazine.it\/dp\/wp-json\/wp\/v2\/media?parent=39561"}],"wp:term":[{"taxonomy":"category","embeddable":true,"href":"https:\/\/www.voismagazine.it\/dp\/wp-json\/wp\/v2\/categories?post=39561"},{"taxonomy":"post_tag","embeddable":true,"href":"https:\/\/www.voismagazine.it\/dp\/wp-json\/wp\/v2\/tags?post=39561"}],"curies":[{"name":"wp","href":"https:\/\/api.w.org\/{rel}","templated":true}]}}