{"id":39549,"date":"2016-06-07T11:56:37","date_gmt":"2016-06-07T09:56:37","guid":{"rendered":"http:\/\/www.voismagazine.it\/dp\/?p=39549"},"modified":"2016-06-07T11:56:37","modified_gmt":"2016-06-07T09:56:37","slug":"archeojunior-piccoli-archeologi-martedi-14-giugno-ore-17-00-al-monastero-dei-benedettini","status":"publish","type":"post","link":"https:\/\/www.voismagazine.it\/dp\/2016\/06\/07\/archeojunior-piccoli-archeologi-martedi-14-giugno-ore-17-00-al-monastero-dei-benedettini\/","title":{"rendered":"ArcheoJunior: Piccoli archeologi, marted\u00ec 14 giugno ore 17.00 al Monastero dei Benedettini"},"content":{"rendered":"<div id=\"voism-3464853817\" class=\"voism-prima-del-contenuto voism-entity-placement\"><a href=\"https:\/\/amzn.to\/2Y0db7E\" aria-label=\"\"><\/a><\/div><p style=\"text-align: justify;\" align=\"LEFT\"><strong><span style=\"color: #000000;\"><span style=\"font-family: 'Times New Roman', serif;\"><span style=\"font-size: small;\"><a href=\"http:\/\/www.voismagazine.it\/dp\/2013\/04\/24\/dal-25-aprile-al-1-maggio-visite-guidate-al-monastero-dei-benedettini-orario-continuato-dalle-900-alle-1700\/image-1765\/\" rel=\"attachment wp-att-16485\"><img loading=\"lazy\" decoding=\"async\" class=\"alignleft size-medium wp-image-16485\" src=\"http:\/\/www.voismagazine.it\/dp\/wp-content\/uploads\/2013\/04\/image240-300x200.jpg\" alt=\"Monastero benedettini Catania \" width=\"300\" height=\"200\" srcset=\"https:\/\/www.voismagazine.it\/dp\/wp-content\/uploads\/2013\/04\/image240-300x200.jpg 300w, https:\/\/www.voismagazine.it\/dp\/wp-content\/uploads\/2013\/04\/image240-600x400.jpg 600w, https:\/\/www.voismagazine.it\/dp\/wp-content\/uploads\/2013\/04\/image240.jpg 1024w\" sizes=\"auto, (max-width: 300px) 100vw, 300px\" \/><\/a>La nuova programmazione estiva delle attivit\u00e0 ludico didattiche per i pi\u00f9 piccoli a cura di Officine Culturali prende il via marted\u00ec 14 giugno alle ore 17.00 al Monastero dei Benedettini con il laboratorio \u201cPiccoli archeologi\u201d, il cui ricavato sar\u00e0 totalmente devoluto alla campagna di raccolta fondi \u201cI Briganti si meritano prato\u201d.<\/span><\/span><\/span><\/strong><\/p>\n<p style=\"text-align: justify;\" align=\"LEFT\"><span style=\"color: #000000;\"><span style=\"font-family: 'Times New Roman', serif;\"><span style=\"font-size: small;\">I \u201cPiccoli archeologi\u201d saranno condotti dagli operatori di Officine Culturali in spedizione esplorativa alla scoperta dei resti delle antiche civilt\u00e0 conservati all\u2019interno del plesso monastico; dopo aver ripercorso la storia della Collina di Montevergine e aver osservato i resti del Cardo nel cortile del Monastero, l\u2019antica strada romana con circa 2000 anni di storia, visiteranno il seminterrato cinquecentesco che oggi ospita la biblioteca del DISUM e conserva i resti di due domus romane. Conosciuta la simpatica matrona Agrippina e osservati gli antichi mosaici con tessere bianche e nere, si sposteranno nella zona di scavo archeologico simulato allestito presso il Decumanus Maximus. A questo punto avr\u00e0 inizio la seconda fase dell\u2019attivit\u00e0 che si caratterizza per il forte coinvolgimento attivo dei ragazzi: indossati i caschetti e impugnate le palette, i piccoli archeologi inizieranno un\u2019attivit\u00e0 di scavo alla ricerca di reperti antichi. Il laboratorio si prefigge l\u2019obiettivo di far vivere in prima persona ai pi\u00f9 piccoli le fasi principali dello svolgimento di uno scavo archeologico, dalla messa in luce dei reperti all&#8217;interpretazione dei dati raccolti, fino alle ipotesi di datazione come veri archeologi.<\/span><\/span><\/span><\/p>\n<div id=\"voism-2983210066\" class=\"voism-fine voism-entity-placement\"><a href=\"https:\/\/amzn.to\/2Y0db7E\" aria-label=\"\"><\/a><\/div>","protected":false},"excerpt":{"rendered":"<p>La nuova programmazione estiva delle attivit\u00e0 ludico didattiche per i pi\u00f9 piccoli a cura di Officine Culturali prende il via marted\u00ec 14 giugno alle ore 17.00 al Monastero dei Benedettini con il laboratorio \u201cPiccoli archeologi\u201d, il cui ricavato sar\u00e0 totalmente devoluto alla campagna di raccolta fondi \u201cI Briganti si meritano prato\u201d. I \u201cPiccoli archeologi\u201d saranno &#8230;<\/p>\n","protected":false},"author":14,"featured_media":16485,"comment_status":"open","ping_status":"open","sticky":false,"template":"","format":"standard","meta":{"footnotes":""},"categories":[6532],"tags":[],"class_list":["post-39549","post","type-post","status-publish","format-standard","has-post-thumbnail","hentry","category-eventi-cultura-e-spettacolo"],"aioseo_notices":[],"_links":{"self":[{"href":"https:\/\/www.voismagazine.it\/dp\/wp-json\/wp\/v2\/posts\/39549","targetHints":{"allow":["GET"]}}],"collection":[{"href":"https:\/\/www.voismagazine.it\/dp\/wp-json\/wp\/v2\/posts"}],"about":[{"href":"https:\/\/www.voismagazine.it\/dp\/wp-json\/wp\/v2\/types\/post"}],"author":[{"embeddable":true,"href":"https:\/\/www.voismagazine.it\/dp\/wp-json\/wp\/v2\/users\/14"}],"replies":[{"embeddable":true,"href":"https:\/\/www.voismagazine.it\/dp\/wp-json\/wp\/v2\/comments?post=39549"}],"version-history":[{"count":1,"href":"https:\/\/www.voismagazine.it\/dp\/wp-json\/wp\/v2\/posts\/39549\/revisions"}],"predecessor-version":[{"id":39550,"href":"https:\/\/www.voismagazine.it\/dp\/wp-json\/wp\/v2\/posts\/39549\/revisions\/39550"}],"wp:featuredmedia":[{"embeddable":true,"href":"https:\/\/www.voismagazine.it\/dp\/wp-json\/wp\/v2\/media\/16485"}],"wp:attachment":[{"href":"https:\/\/www.voismagazine.it\/dp\/wp-json\/wp\/v2\/media?parent=39549"}],"wp:term":[{"taxonomy":"category","embeddable":true,"href":"https:\/\/www.voismagazine.it\/dp\/wp-json\/wp\/v2\/categories?post=39549"},{"taxonomy":"post_tag","embeddable":true,"href":"https:\/\/www.voismagazine.it\/dp\/wp-json\/wp\/v2\/tags?post=39549"}],"curies":[{"name":"wp","href":"https:\/\/api.w.org\/{rel}","templated":true}]}}