{"id":39539,"date":"2016-06-07T10:31:23","date_gmt":"2016-06-07T08:31:23","guid":{"rendered":"http:\/\/www.voismagazine.it\/dp\/?p=39539"},"modified":"2016-06-07T10:31:24","modified_gmt":"2016-06-07T08:31:24","slug":"etna-photo-meeting-al-via-la-22-edizione-del-festival-nazionale-di-fotografia","status":"publish","type":"post","link":"https:\/\/www.voismagazine.it\/dp\/2016\/06\/07\/etna-photo-meeting-al-via-la-22-edizione-del-festival-nazionale-di-fotografia\/","title":{"rendered":"Etna Photo Meeting, al via la 22\u00b0 edizione del festival nazionale di fotografia"},"content":{"rendered":"<div id=\"voism-3554929459\" class=\"voism-prima-del-contenuto voism-entity-placement\"><a href=\"https:\/\/amzn.to\/2Y0db7E\" aria-label=\"\"><\/a><\/div><div dir=\"ltr\">\n<div dir=\"ltr\" style=\"text-align: justify;\"><a href=\"http:\/\/www.voismagazine.it\/dp\/2016\/06\/07\/etna-photo-meeting-al-via-la-22-edizione-del-festival-nazionale-di-fotografia\/copertina-brochure-1024x1024\/\" rel=\"attachment wp-att-39540\"><img loading=\"lazy\" decoding=\"async\" class=\"alignleft size-medium wp-image-39540\" src=\"http:\/\/www.voismagazine.it\/dp\/wp-content\/uploads\/2016\/06\/Copertina-Brochure-1024x1024-300x300.jpg\" alt=\"Copertina Brochure viagrande \" width=\"300\" height=\"300\" \/><\/a>Viagrande (CT), 7\/06\/2016 :\u00a0Tutto pronto per la 22\u00b0 edizione dell&#8217;Etna Photo Meeting.\u00a0Dal 10 al 19 giugno nella cornice di Palazzo Turrisi Grifeo di Partanna in Via Giuseppe Garibaldi si svolger\u00e0 la 22\u00b0 edizione dell&#8217;Etna Photo Meeting, festival nazionale di fotografia organizzato dal Gruppo fotografico Le Gru con il Comune di Viagrande, con il patrocinio della Fondazione La Verde La Malfa di San Giovanni la Punta e la collaborazione dell&#8217;Associazione culturale &#8220;The Dead Artists Society&#8221; di Catania.<\/div>\n<p>La manifestazione, incentrata sul tema &#8220;Costruire lo sguardo. La fotografia come mise-en-sc\u00e8ne&#8221;, prevede un fitto calendario di appuntamenti con mostre, incontri, conferenze, letture di portfolio, workshop e presentazioni di libri.<\/p>\n<p>Il festival si aprir\u00e0 venerd\u00ec 10 alle ore 18.00 con la consegna del Premio &#8220;Gianni Pistar\u00e0&#8221;, riservato a fotografi under 35 distintisi per la qualit\u00e0 delle loro opere. Il riconoscimento sar\u00e0 assegnato quest&#8217;anno alla fotografa romana Valentina Vannicola. Seguir\u00e0 l&#8217;inaugurazione delle mostre fotografiche. Tra le altre spiccano quelle dei fotografi di fama internazionale Massimo Siragusa (Agenzia Contrasto), Gabriele Rigon (fotografo di moda e nudo), Francesco Castaldo (fotografo della scena musicale). In mostra anche gli scatti delle giovani e promettenti fotografe Valentina Vannicola, Diana Debord, Francesca Donatelli, Aurora Bruno e Gaia Aprile. Le mostre potranno essere visitate tutti i giorni dalle ore 16.00 alle 20.00 (il sabato anche dalle 9.00 alle 13.00). Ingresso gratuito.<\/p>\n<p>Sabato 11 e domenica 12 giugno dalle ore 9.00 si svolgeranno due workshop, uno diretto da Lucia Baldini (fotografa di spettacolo e docente dello Studio Marangoni) dal titolo &#8220;Luci sulla ribalta&#8221; sulla fotografia di teatro e danza; l&#8217;altro da Simone Aprile (Agenzia LUZ) sulla fotografia di still life. Sabato 18 e domenica 19 dalle ore 9.00 Gabriele Rigon terr\u00e0 un workshop sulla fotografia di moda dal titolo &#8220;Fashion Fotography&#8221;, Domenica 13 giugno, dalle ore 10.00 nel giardino del palazzo si terr\u00e0 un &#8220;Cosplayer Shooting&#8221;, organizzato in collaborazione con l&#8217;Associazione Fotografica Buona Luce di Gravina di Catania, che vedr\u00e0 coinvolti decine di figuranti da fotografare.<\/p>\n<p>Le letture dei portfolio (11 e 12 giugno) saranno condotte da esperti provenienti da tutta Italia come Massimo Agus (docente dello Studio Marangoni di Firenze e direttore del Dipartimento Didattica della Federazione Italiana Associazioni Fotografiche).<\/p>\n<p>Non mancheranno momenti di confronto e approfondimento su tematiche specifiche, come la presentazione del libro &#8220;Luci sulla ribalta&#8221; di Lucia Baldini pubblicato da Postcart (sabato 11, ore 19.00) e il seminario sugli aspetti legali della fotografia a cura dello Studio Legale Fiorenza di Catania (16 giugno, ore 20.30). Momento fondamentale sar\u00e0 la lectio magistralis del critico fotografico Pippo Pappalardo che argomenter\u00e0 sul tema di questa edizione del festival (17 giugno, ore 20.30). Pappalardo ricever\u00e0, inoltre, il &#8220;Premio Le Gru alla cultura fotografica 2016&#8243;. All&#8217;interno della manifestazione, inoltre, sar\u00e0 proposto un omaggio all&#8217;artista americano David LaChapelle, con una video-installazione e una mostra di libri fotografici.<\/p>\n<p>La manifestazione si chiuder\u00e0 domenica 19 con una serata dedicata agli audiovisivi fotografici con opere provenienti da tutta Italia, organizzata in collaborazione con il Dipartimento Audiovisivi della FIAF. Sempre a cura della FIAF, sar\u00e0 presentata la mostra del progetto&#8221;Tanti per tutti&#8221;.<\/p>\n<\/div>\n<div id=\"voism-2694948991\" class=\"voism-fine voism-entity-placement\"><a href=\"https:\/\/amzn.to\/2Y0db7E\" aria-label=\"\"><\/a><\/div>","protected":false},"excerpt":{"rendered":"<p>Viagrande (CT), 7\/06\/2016 :\u00a0Tutto pronto per la 22\u00b0 edizione dell&#8217;Etna Photo Meeting.\u00a0Dal 10 al 19 giugno nella cornice di Palazzo Turrisi Grifeo di Partanna in Via Giuseppe Garibaldi si svolger\u00e0 la 22\u00b0 edizione dell&#8217;Etna Photo Meeting, festival nazionale di fotografia organizzato dal Gruppo fotografico Le Gru con il Comune di Viagrande, con il patrocinio della &#8230;<\/p>\n","protected":false},"author":14,"featured_media":0,"comment_status":"open","ping_status":"open","sticky":false,"template":"","format":"standard","meta":{"footnotes":""},"categories":[6532],"tags":[],"class_list":["post-39539","post","type-post","status-publish","format-standard","hentry","category-eventi-cultura-e-spettacolo"],"aioseo_notices":[],"_links":{"self":[{"href":"https:\/\/www.voismagazine.it\/dp\/wp-json\/wp\/v2\/posts\/39539","targetHints":{"allow":["GET"]}}],"collection":[{"href":"https:\/\/www.voismagazine.it\/dp\/wp-json\/wp\/v2\/posts"}],"about":[{"href":"https:\/\/www.voismagazine.it\/dp\/wp-json\/wp\/v2\/types\/post"}],"author":[{"embeddable":true,"href":"https:\/\/www.voismagazine.it\/dp\/wp-json\/wp\/v2\/users\/14"}],"replies":[{"embeddable":true,"href":"https:\/\/www.voismagazine.it\/dp\/wp-json\/wp\/v2\/comments?post=39539"}],"version-history":[{"count":2,"href":"https:\/\/www.voismagazine.it\/dp\/wp-json\/wp\/v2\/posts\/39539\/revisions"}],"predecessor-version":[{"id":39542,"href":"https:\/\/www.voismagazine.it\/dp\/wp-json\/wp\/v2\/posts\/39539\/revisions\/39542"}],"wp:attachment":[{"href":"https:\/\/www.voismagazine.it\/dp\/wp-json\/wp\/v2\/media?parent=39539"}],"wp:term":[{"taxonomy":"category","embeddable":true,"href":"https:\/\/www.voismagazine.it\/dp\/wp-json\/wp\/v2\/categories?post=39539"},{"taxonomy":"post_tag","embeddable":true,"href":"https:\/\/www.voismagazine.it\/dp\/wp-json\/wp\/v2\/tags?post=39539"}],"curies":[{"name":"wp","href":"https:\/\/api.w.org\/{rel}","templated":true}]}}