{"id":39422,"date":"2016-06-04T14:05:21","date_gmt":"2016-06-04T12:05:21","guid":{"rendered":"http:\/\/www.voismagazine.it\/dp\/?p=39422"},"modified":"2016-06-04T14:05:22","modified_gmt":"2016-06-04T12:05:22","slug":"nivarata-inaugurato-stamattina-il-festival-internazionale-della-granita-siciliana","status":"publish","type":"post","link":"https:\/\/www.voismagazine.it\/dp\/2016\/06\/04\/nivarata-inaugurato-stamattina-il-festival-internazionale-della-granita-siciliana\/","title":{"rendered":"NIVARATA, INAUGURATO STAMATTINA IL FESTIVAL   INTERNAZIONALE DELLA GRANITA SICILIANA"},"content":{"rendered":"<div id=\"voism-3912917795\" class=\"voism-prima-del-contenuto voism-entity-placement\"><a href=\"https:\/\/amzn.to\/2Y0db7E\" aria-label=\"\"><\/a><\/div><p style=\"text-align: justify;\"><em><a href=\"http:\/\/www.voismagazine.it\/dp\/2016\/06\/04\/nivarata-inaugurato-stamattina-il-festival-internazionale-della-granita-siciliana\/cattura\/\" rel=\"attachment wp-att-39423\"><img loading=\"lazy\" decoding=\"async\" class=\"alignleft size-medium wp-image-39423\" src=\"http:\/\/www.voismagazine.it\/dp\/wp-content\/uploads\/2016\/06\/Cattura-300x123.jpg\" alt=\"nivarata acireale\" width=\"300\" height=\"123\" \/><\/a>Acireale, 3 giugno 2016<\/em> &#8211; Un appuntamento ormai consueto quello di Nivarata, il festival internazionale della granita siciliana. Arrivata alla quinta edizione, dal 3 fino a domenica 5 giugno, la manifestazione, organizzata da Progetti Collaterali e Studio Muse in collaborazione con il comune di Acireale, delizier\u00e0 i palati dei numerosi visitatori con le creazioni di \u201cgranitieri\u201d provenienti da tutto il mondo, in una location d\u2019eccezione: piazza Duomo.<\/p>\n<p style=\"text-align: justify;\">L&#8217;evento, \u00e8 stato inaugurato alla presenza del sindaco di Acireale, Roberto Barbagallo, e del deputato regionale Nicola D&#8217;Agostino. &#8220;Nivarata \u00e8 stata una scommessa vincente nelle sue passate edizioni e siamo sicuri che anche quest&#8217;anno crescer\u00e0 tantissimo nei numeri segnando un ulteriore successo &#8211; ha dichiarato il sindaco di Acireale &#8211; La manifestazione piace e cresce perch\u00e9 sfrutta, con innovazione e originalit\u00e0, una peculiarit\u00e0 della tradizione dolciaria siciliana che, ad Acireale, trova una culla d&#8217;eccezione&#8221;.<\/p>\n<p style=\"text-align: justify;\">&#8220;Nivarata \u00e8 una felice intuizione che gli organizzatori sono stati capaci di trasformare in una grande manifestazione di promozione del territorio e, quindi, anche turistica. Un ringraziamento a loro perch\u00e9 questo evento rappresenta un modo per fare sviluppo e economia&#8221;, ha aggiunto D&#8217;Agostino.<\/p>\n<p style=\"text-align: justify;\">Nella prima giornata della manifestazione, Salvatore Cipriani \u00e8 stato nominato \u201cAmbasciatore della granita in UK\u201d, alla presenza del sindaco Barbagallo. E&#8217; stato presentato inoltre il progetto del disciplinare della granita acese alla mandorla, avente lo scopo di creare un marchio facilmente riconoscibile e tutelabile. Nel pomeriggio sono state presentate le granite del concorso \u201cGranita dell\u2019anno\u201d, una delle tre competizioni che vedranno protagonisti i migliori professionisti del settore. A conclusione, il concerto del maestro Miraglia e dell\u2019Orchestra di \ufb01ati \u201cG. Miraglia\u201d di Acireale, che hanno eseguito musiche da film.<\/p>\n<p style=\"text-align: justify;\">Tra gli appuntamenti in programma domani sabato 4 giugno, dalle ore 10 alle 11.30 il Live food show &#8220;La Granita&#8230;dalla tradizione all&#8217;evoluzione&#8221; a cura di Conpait e Conpait gelato con Ida Di Biaggio, Giuseppe Leotta e Antonio Mezzalira. Alle 10.30 un divertente momento con noti blogger siciliani. Parteciperanno Georgia de Angelis, Rossella Scalzo, Raffaella Catania, Cristina Barbera ed Eleonora Aric\u00f2. A loro disposizione due piccole macchine per il gelato, come quelle che si usano a casa, e una serie di ingredienti. I partecipanti potranno inventare una granita con gli ingredienti offerti e saranno monitorati dal celebre gelatiere inglese Seb Cole, che potr\u00e0 dare qualche suggerimento.<\/p>\n<p style=\"text-align: justify;\">A seguire: il seminario &#8220;Granita, granatieri e granitori&#8221; a cura di Luigi De Luca con Diego Celotto, Roberto Lobrano, Franco Patan\u00e8, Fabio Pompei, Luigi Romana.<\/p>\n<p style=\"text-align: justify;\">Dalle ore 17 la presentazione della novit\u00e0 libraria di Chiriotti editori &#8220;Scienza e tecnologia del gelato artigianale&#8221; di Luca Caviezel; il premio &#8220;Don Angelino&#8221;; alle ore 21 lo spettacolo\/laboratorio &#8220;Ho trovato dell&#8217;H20 nella mia granita&#8221; con il gelatiere inglese Seb Cole. A conclusione, musica dal vivo con &#8220;Antipasto all&#8217;italiana&#8221;.<\/p>\n<div id=\"voism-482459055\" class=\"voism-fine voism-entity-placement\"><a href=\"https:\/\/amzn.to\/2Y0db7E\" aria-label=\"\"><\/a><\/div>","protected":false},"excerpt":{"rendered":"<p>Acireale, 3 giugno 2016 &#8211; Un appuntamento ormai consueto quello di Nivarata, il festival internazionale della granita siciliana. Arrivata alla quinta edizione, dal 3 fino a domenica 5 giugno, la manifestazione, organizzata da Progetti Collaterali e Studio Muse in collaborazione con il comune di Acireale, delizier\u00e0 i palati dei numerosi visitatori con le creazioni di &#8230;<\/p>\n","protected":false},"author":14,"featured_media":0,"comment_status":"open","ping_status":"open","sticky":false,"template":"","format":"standard","meta":{"footnotes":""},"categories":[6532],"tags":[],"class_list":["post-39422","post","type-post","status-publish","format-standard","hentry","category-eventi-cultura-e-spettacolo"],"aioseo_notices":[],"_links":{"self":[{"href":"https:\/\/www.voismagazine.it\/dp\/wp-json\/wp\/v2\/posts\/39422","targetHints":{"allow":["GET"]}}],"collection":[{"href":"https:\/\/www.voismagazine.it\/dp\/wp-json\/wp\/v2\/posts"}],"about":[{"href":"https:\/\/www.voismagazine.it\/dp\/wp-json\/wp\/v2\/types\/post"}],"author":[{"embeddable":true,"href":"https:\/\/www.voismagazine.it\/dp\/wp-json\/wp\/v2\/users\/14"}],"replies":[{"embeddable":true,"href":"https:\/\/www.voismagazine.it\/dp\/wp-json\/wp\/v2\/comments?post=39422"}],"version-history":[{"count":2,"href":"https:\/\/www.voismagazine.it\/dp\/wp-json\/wp\/v2\/posts\/39422\/revisions"}],"predecessor-version":[{"id":39425,"href":"https:\/\/www.voismagazine.it\/dp\/wp-json\/wp\/v2\/posts\/39422\/revisions\/39425"}],"wp:attachment":[{"href":"https:\/\/www.voismagazine.it\/dp\/wp-json\/wp\/v2\/media?parent=39422"}],"wp:term":[{"taxonomy":"category","embeddable":true,"href":"https:\/\/www.voismagazine.it\/dp\/wp-json\/wp\/v2\/categories?post=39422"},{"taxonomy":"post_tag","embeddable":true,"href":"https:\/\/www.voismagazine.it\/dp\/wp-json\/wp\/v2\/tags?post=39422"}],"curies":[{"name":"wp","href":"https:\/\/api.w.org\/{rel}","templated":true}]}}