{"id":39247,"date":"2016-05-17T19:46:54","date_gmt":"2016-05-17T17:46:54","guid":{"rendered":"http:\/\/www.voismagazine.it\/dp\/?p=39247"},"modified":"2016-05-17T19:46:55","modified_gmt":"2016-05-17T17:46:55","slug":"nivarata-leccellenza-della-produzione-artigianale-in-gara-ad-acireale","status":"publish","type":"post","link":"https:\/\/www.voismagazine.it\/dp\/2016\/05\/17\/nivarata-leccellenza-della-produzione-artigianale-in-gara-ad-acireale\/","title":{"rendered":"Nivarata, l\u2019eccellenza della produzione artigianale in gara ad Acireale"},"content":{"rendered":"<div id=\"voism-2033672569\" class=\"voism-prima-del-contenuto voism-entity-placement\"><a href=\"https:\/\/amzn.to\/2Y0db7E\" aria-label=\"\"><\/a><\/div><div dir=\"ltr\">\n<p style=\"text-align: center; line-height: 21px; margin: 0px 0px 1.35em; font-family: Calibri,sans-serif; color: #444444; font-size: 15px;\" align=\"center\"><b><span style=\"line-height: 17px; font-size: 12pt;\">Tra le novit\u00e0 di quest\u2019anno, uno stand dedicato alla granita alla mandorla acese,<\/span><\/b><\/p>\n<p style=\"text-align: center; line-height: 21px; margin: 0px 0px 1.35em; font-family: Calibri,sans-serif; color: #444444; font-size: 15px;\" align=\"center\"><b><span style=\"line-height: 17px; font-size: 12pt;\">realizzata secondo un\u2019antica tradizione.<\/span><\/b><\/p>\n<p style=\"line-height: 21px; margin: 0px 0px 1.35em; font-family: Calibri,sans-serif; color: #444444; font-size: 15px;\">\n<p style=\"text-align: justify; line-height: 21px; margin: 0px 0px 1.35em; font-family: Calibri,sans-serif; color: #444444; font-size: 15px;\"><i style=\"line-height: 21px;\"><a href=\"http:\/\/www.voismagazine.it\/dp\/2016\/05\/17\/nivarata-leccellenza-della-produzione-artigianale-in-gara-ad-acireale\/la-nivarata-2\/\" rel=\"attachment wp-att-39249\"><img loading=\"lazy\" decoding=\"async\" class=\"alignleft size-medium wp-image-39249\" src=\"http:\/\/www.voismagazine.it\/dp\/wp-content\/uploads\/2016\/05\/La-Nivarata-1-200x300.jpg\" alt=\"La Nivarata\" width=\"200\" height=\"300\" srcset=\"https:\/\/www.voismagazine.it\/dp\/wp-content\/uploads\/2016\/05\/La-Nivarata-1-200x300.jpg 200w, https:\/\/www.voismagazine.it\/dp\/wp-content\/uploads\/2016\/05\/La-Nivarata-1.jpg 400w\" sizes=\"auto, (max-width: 200px) 100vw, 200px\" \/><\/a>Acireale, 17 maggio 2016 \u2013\u00a0<\/i>Come nelle scorse quattro edizioni, anche quest\u2019anno\u00a0<b>Nivarata, il festival internazionale della granita siciliana, premier\u00e0 l\u2019eccellenza della produzione artigianale granitiera.<\/b><\/p>\n<p style=\"text-align: justify; line-height: 21px; margin: 0px 0px 1.35em; font-family: Calibri,sans-serif; color: #444444; font-size: 15px;\">Nel corso della manifestazione prevista\u00a0<b>il 3, 4 e 5 giugno ad Acireale<\/b>\u00a0&#8211; organizzata da Progetti Collaterali e Studio Muse in collaborazione con il comune acese &#8211;\u00a0<b>i migliori professionisti del settore si sfideranno in tre distinti concorsi.\u00a0<\/b>Per la sezione \u201cGranita\u201d, concorreranno al premio \u201cGranita dell\u2019anno\u201d, riconosciuto dalla giuria del pubblico &#8211; insieme alla giuria tecnica &#8211; a chi sapr\u00e0 distinguersi nella tecnica di lavorazione di un gusto di granita speciale; e al premio \u201cDon Angelino\u201d, conferito dalla giuria tecnica a chi lavorer\u00e0 al meglio un gusto classico di granita assegnato. Quest\u2019ultimo riconoscimento prende il nome da \u201cDon Angilinu Trovato \u2019u gilataru\u201d, che a met\u00e0 del Novecento si dedic\u00f2 all\u2019arte del gelato e della granita nella zona acese, creando nuovi gusti. A lui, ad esempio, si deve l\u2019invenzione del gelato \u201cco\u2019 Turcu\u201d, un cono ricoperto di cioccolato fondente.<\/p>\n<p style=\"text-align: justify; line-height: 21px; margin: 0px 0px 1.35em; font-family: Calibri,sans-serif; color: #444444; font-size: 15px;\">Per la sezione \u201cGelato\u201d, invece, Nivarata assegner\u00e0 l\u2019amb\u00ecto premio \u201cCaviezel\u201d, riconosciuto dalla giuria tecnica a chi sapr\u00e0 distinguersi nella tecnica di lavorazione del gelato artigianale dal gusto assegnato. Anche qui, il nome non \u00e8 scelto a caso: Lucas Caviezel (che sar\u00e0 ospite della manifestazione acese), \u00e8 il pi\u00f9 importante rappresentante della gelateria artigianale italiana. Specializzato nel campo della chimica alimentare, \u00e8 docente di tecnica e tecnologia della gelateria artigianale, e scrittore di testi fondamentali sul tema. A lui si deve il bilanciamento degli ingredienti nella formulazione delle ricette.<\/p>\n<p style=\"text-align: justify; line-height: 21px; margin: 0px 0px 1.35em; font-family: Calibri,sans-serif; color: #444444; font-size: 15px;\"><b style=\"line-height: 21px;\">A comporre le giurie tecniche di Nivarata ci saranno esperti del settore di comprovata esperienza:<\/b>\u00a0Diego Celotto, Ida Gabriela di Biaggio, Luigi De Luca, Giuseppe Leotta, Nicola Netti, Fabio Pompei e Placido Prestipino.<\/p>\n<p style=\"text-align: justify; line-height: 21px; margin: 0px 0px 1.35em; font-family: Calibri,sans-serif; color: #444444; font-size: 15px;\"><b style=\"line-height: 21px;\">Non saranno da meno gli ospiti che animeranno la \u201ctre giorni\u201d nel suggestivo scenario di piazza Duomo ad Acireale:<\/b>\u00a0i maestri gelatieri Arnaldo Conforto, Ruben Pili, Giuseppe Rizza, Roberto Lobrano, Antonio Mezzalira e Francesco Patan\u00e8; il celebre gelatiere di Brighton Seb Cole; lo chef australiano, gi\u00e0 concorrente Mastechef UK\u00a0 Kieron James, gli chef\u00a0 Fabio Lopez e il siciliano Nicola\u00a0 Scaccianoce,\u00a0 oltre che lo storico Luigi Romana.<\/p>\n<p style=\"text-align: justify; line-height: 21px; margin: 0px 0px 1.35em; font-family: Calibri,sans-serif; color: #444444; font-size: 15px;\"><b style=\"line-height: 21px;\">E ancora, grandi nomi<\/b>\u00a0come la ricercatrice del Natura History Museum di Londra Enrica Laprocina; lo psicologo Salvo No\u00e8; la stilista Mariella Gennarino; l\u2019hair stylist Salvo Filetti; gli imprenditori Giuseppe Benanti, Mario Faro e Luciano Privitera. Tutti accomunati dall\u2019impegno e dalla passione per il proprio lavoro, ciascuno nei propri campi. Gli ambasciatori ideali per un festival che, per la quinta volta, permetter\u00e0 a migliaia di visitatori di assaporare un prodotto di alta qualit\u00e0 come la granita artigianale, scoprendo inoltre l\u2019architettura, la storia e la cultura della Sicilia.<\/p>\n<p style=\"text-align: justify; line-height: 21px; margin: 0px 0px 1.35em; font-family: Calibri,sans-serif; color: #444444; font-size: 15px;\"><b style=\"line-height: 21px;\">Tra le novit\u00e0 di Nivarata 2016 c\u2019\u00e8 uno stand dedicato alla granita alla mandorla acese, nel quale le gelaterie aderenti faranno riscoprire questo prodotto realizzato secondo un\u2019antica tradizione.<\/b>\u00a0Un team di professionisti di Acireale, infatti, ha redatto un disciplinare che ne identifichi con chiarezza le caratteristiche, per creare un marchio facilmente riconoscibile e quindi tutelabile.<\/p>\n<\/div>\n<div id=\"voism-24489294\" class=\"voism-fine voism-entity-placement\"><a href=\"https:\/\/amzn.to\/2Y0db7E\" aria-label=\"\"><\/a><\/div>","protected":false},"excerpt":{"rendered":"<p>Tra le novit\u00e0 di quest\u2019anno, uno stand dedicato alla granita alla mandorla acese, realizzata secondo un\u2019antica tradizione. Acireale, 17 maggio 2016 \u2013\u00a0Come nelle scorse quattro edizioni, anche quest\u2019anno\u00a0Nivarata, il festival internazionale della granita siciliana, premier\u00e0 l\u2019eccellenza della produzione artigianale granitiera. Nel corso della manifestazione prevista\u00a0il 3, 4 e 5 giugno ad Acireale\u00a0&#8211; organizzata da Progetti &#8230;<\/p>\n","protected":false},"author":14,"featured_media":39249,"comment_status":"open","ping_status":"open","sticky":false,"template":"","format":"standard","meta":{"footnotes":""},"categories":[6532,6676],"tags":[],"class_list":["post-39247","post","type-post","status-publish","format-standard","has-post-thumbnail","hentry","category-eventi-cultura-e-spettacolo","category-news-locali"],"aioseo_notices":[],"_links":{"self":[{"href":"https:\/\/www.voismagazine.it\/dp\/wp-json\/wp\/v2\/posts\/39247","targetHints":{"allow":["GET"]}}],"collection":[{"href":"https:\/\/www.voismagazine.it\/dp\/wp-json\/wp\/v2\/posts"}],"about":[{"href":"https:\/\/www.voismagazine.it\/dp\/wp-json\/wp\/v2\/types\/post"}],"author":[{"embeddable":true,"href":"https:\/\/www.voismagazine.it\/dp\/wp-json\/wp\/v2\/users\/14"}],"replies":[{"embeddable":true,"href":"https:\/\/www.voismagazine.it\/dp\/wp-json\/wp\/v2\/comments?post=39247"}],"version-history":[{"count":2,"href":"https:\/\/www.voismagazine.it\/dp\/wp-json\/wp\/v2\/posts\/39247\/revisions"}],"predecessor-version":[{"id":39251,"href":"https:\/\/www.voismagazine.it\/dp\/wp-json\/wp\/v2\/posts\/39247\/revisions\/39251"}],"wp:featuredmedia":[{"embeddable":true,"href":"https:\/\/www.voismagazine.it\/dp\/wp-json\/wp\/v2\/media\/39249"}],"wp:attachment":[{"href":"https:\/\/www.voismagazine.it\/dp\/wp-json\/wp\/v2\/media?parent=39247"}],"wp:term":[{"taxonomy":"category","embeddable":true,"href":"https:\/\/www.voismagazine.it\/dp\/wp-json\/wp\/v2\/categories?post=39247"},{"taxonomy":"post_tag","embeddable":true,"href":"https:\/\/www.voismagazine.it\/dp\/wp-json\/wp\/v2\/tags?post=39247"}],"curies":[{"name":"wp","href":"https:\/\/api.w.org\/{rel}","templated":true}]}}