{"id":39230,"date":"2016-05-17T19:34:36","date_gmt":"2016-05-17T17:34:36","guid":{"rendered":"http:\/\/www.voismagazine.it\/dp\/?p=39230"},"modified":"2016-05-17T19:34:37","modified_gmt":"2016-05-17T17:34:37","slug":"giulianova-il-maggio-dei-libri-con-gli-eventi-della-arts-academy","status":"publish","type":"post","link":"https:\/\/www.voismagazine.it\/dp\/2016\/05\/17\/giulianova-il-maggio-dei-libri-con-gli-eventi-della-arts-academy\/","title":{"rendered":"GIULIANOVA, IL MAGGIO DEI LIBRI CON GLI EVENTI DELLA ARTS ACADEMY"},"content":{"rendered":"<div id=\"voism-1822121917\" class=\"voism-prima-del-contenuto voism-entity-placement\"><a href=\"https:\/\/amzn.to\/2Y0db7E\" aria-label=\"\"><\/a><\/div><p style=\"widows: 1; text-transform: none; text-indent: 0px; font: 16px\/24px Georgia, 'Times New Roman', 'Bitstream Charter', Times, serif; white-space: normal; letter-spacing: normal; color: #333333; word-spacing: 0px; -webkit-text-stroke-width: 0px;\"><a href=\"http:\/\/www.voismagazine.it\/dp\/2016\/05\/17\/giulianova-il-maggio-dei-libri-con-gli-eventi-della-arts-academy\/giulianova-il-maggio-dei-libri-con-gli-eventi-della-arts-academy\/\" rel=\"attachment wp-att-39232\"><img loading=\"lazy\" decoding=\"async\" class=\"alignleft size-full wp-image-39232\" src=\"http:\/\/www.voismagazine.it\/dp\/wp-content\/uploads\/2016\/05\/giulianova-il-maggio-dei-libri-con-gli-eventi-della-arts-academy.jpg\" alt=\"giulianova-il-maggio-dei-libri-con-gli-eventi-della-arts-academy\" width=\"400\" height=\"565\" srcset=\"https:\/\/www.voismagazine.it\/dp\/wp-content\/uploads\/2016\/05\/giulianova-il-maggio-dei-libri-con-gli-eventi-della-arts-academy.jpg 400w, https:\/\/www.voismagazine.it\/dp\/wp-content\/uploads\/2016\/05\/giulianova-il-maggio-dei-libri-con-gli-eventi-della-arts-academy-212x300.jpg 212w\" sizes=\"auto, (max-width: 400px) 100vw, 400px\" \/><\/a>Dopo il grande successo ottenuto lo scorso anno, l\u2019Associazione Arts Academy di Giulianova aderisce nuovamente al Maggio dei Libri, mirando sempre pi\u00f9 in alto e accettando nuove sfide proposte dal Centro per il Libro e la Lettura. Il CEPELL, infatti, fornisce indicazioni precise circa i filoni tematici da seguire per l\u2019anno che stiamo vivendo: biblioterapia, celebrazione del IV centenario dalla morte di William Shakespeare, creazione di mini-biblioteche gratuite e valorizzazione di quelle strutturate.<br \/>\nL\u2019Associazione giuliese, intessendo rapporti di collaborazione territoriali e provinciali, realizzer\u00e0 cinque eventi mirati alla diffusione della lettura in luoghi convenzionali e non, portando il libro anche l\u00ec dove solitamente \u00e8 pi\u00f9 distante: la palestra e il carcere. Gli eventi in programma sono: 20 maggio dalle ore 9:00 alle 22:00 Palestra Joy Fitness Mens sana in corpore sano: letture tra gli attrezzi, 21 maggio ore 21:00 Libreria Mondadori Aria di classici: my booklist, 27 maggio ore 10:00 Casa Circondariale di Teramo Leggere libera-mente.<!--more--><\/p>\n<h3 style=\"widows: 1; text-transform: none; font-variant: normal; font-style: normal; text-indent: 0px; font-family: Georgia, 'Times New Roman', 'Bitstream Charter', Times, serif; white-space: normal; letter-spacing: normal; color: #333333; word-spacing: 0px; -webkit-text-stroke-width: 0px;\">GIULIANOVA, IL MAGGIO DEI LIBRI 2016<\/h3>\n<p style=\"widows: 1; text-transform: none; text-indent: 0px; font: 16px\/24px Georgia, 'Times New Roman', 'Bitstream Charter', Times, serif; white-space: normal; letter-spacing: normal; color: #333333; word-spacing: 0px; -webkit-text-stroke-width: 0px;\">Di particolare rilievo, dal punto di vista collaborativo ed interdisciplinare, \u00e8 l\u2019evento del 29 maggio alle ore 21:00 intitolato Un applauso lungo 400 anni dove arte, letteratura, drammaturgia e territorio colloquieranno grazie alla preziosa collaborazione del Polo Civico Museale di Giulianova che, per l\u2019occasione, aprir\u00e0 le porte della Cappella De Bartolomei e della Sala di scultura \u201cPagliaccetti\u201d. Un evento tutto dedicato al quarto centenario dalla morte del Bardo.<br \/>\nIl programma dell\u2019Arts Academy si chiuder\u00e0 il 31 maggio alle ore 21:00 in Sala Buozzi con un seminario rivolto a psicologi, educatori, insegnanti, bibliotecari e genitori, dal titolo Biblioterapia e dintorni. Le sue applicazioni in ambito educativo e formativo.<br \/>\nPatrocinato dal Comune di Giulianova, il calendario di eventi ha trovato appoggio e collaborazione attiva in importanti istituzioni, come il gi\u00e0 menzionato Polo Museale Civico di Giulianova e l\u2019Istituto Omnicomprensivo \u201cPrimo Levi\u201d di Sant\u2019Egidio-Ancarano, sempre attente al territorio e alla cultura. Sensibili alla causa anche le Librerie Ianni, la Palestra Joy Fitness e l\u2019Associazione Kn\u00e0 di Giulianova, che hanno accolto sin dall\u2019inizio con slancio le proposte dell\u2019Arts Academy.<br \/>\nTante le occasioni, dunque, per celebrare insieme questo Maggio dei Libri 2016 nella certezza che \u201cleggere fa crescere\u201d.<\/p>\n<div id=\"voism-1559273271\" class=\"voism-fine voism-entity-placement\"><a href=\"https:\/\/amzn.to\/2Y0db7E\" aria-label=\"\"><\/a><\/div>","protected":false},"excerpt":{"rendered":"<p>Dopo il grande successo ottenuto lo scorso anno, l\u2019Associazione Arts Academy di Giulianova aderisce nuovamente al Maggio dei Libri, mirando sempre pi\u00f9 in alto e accettando nuove sfide proposte dal Centro per il Libro e la Lettura. Il CEPELL, infatti, fornisce indicazioni precise circa i filoni tematici da seguire per l\u2019anno che stiamo vivendo: biblioterapia, &#8230;<\/p>\n","protected":false},"author":14,"featured_media":39232,"comment_status":"open","ping_status":"open","sticky":false,"template":"","format":"standard","meta":{"footnotes":""},"categories":[6532],"tags":[],"class_list":["post-39230","post","type-post","status-publish","format-standard","has-post-thumbnail","hentry","category-eventi-cultura-e-spettacolo"],"aioseo_notices":[],"_links":{"self":[{"href":"https:\/\/www.voismagazine.it\/dp\/wp-json\/wp\/v2\/posts\/39230","targetHints":{"allow":["GET"]}}],"collection":[{"href":"https:\/\/www.voismagazine.it\/dp\/wp-json\/wp\/v2\/posts"}],"about":[{"href":"https:\/\/www.voismagazine.it\/dp\/wp-json\/wp\/v2\/types\/post"}],"author":[{"embeddable":true,"href":"https:\/\/www.voismagazine.it\/dp\/wp-json\/wp\/v2\/users\/14"}],"replies":[{"embeddable":true,"href":"https:\/\/www.voismagazine.it\/dp\/wp-json\/wp\/v2\/comments?post=39230"}],"version-history":[{"count":2,"href":"https:\/\/www.voismagazine.it\/dp\/wp-json\/wp\/v2\/posts\/39230\/revisions"}],"predecessor-version":[{"id":39234,"href":"https:\/\/www.voismagazine.it\/dp\/wp-json\/wp\/v2\/posts\/39230\/revisions\/39234"}],"wp:featuredmedia":[{"embeddable":true,"href":"https:\/\/www.voismagazine.it\/dp\/wp-json\/wp\/v2\/media\/39232"}],"wp:attachment":[{"href":"https:\/\/www.voismagazine.it\/dp\/wp-json\/wp\/v2\/media?parent=39230"}],"wp:term":[{"taxonomy":"category","embeddable":true,"href":"https:\/\/www.voismagazine.it\/dp\/wp-json\/wp\/v2\/categories?post=39230"},{"taxonomy":"post_tag","embeddable":true,"href":"https:\/\/www.voismagazine.it\/dp\/wp-json\/wp\/v2\/tags?post=39230"}],"curies":[{"name":"wp","href":"https:\/\/api.w.org\/{rel}","templated":true}]}}