{"id":39223,"date":"2016-05-17T19:31:47","date_gmt":"2016-05-17T17:31:47","guid":{"rendered":"http:\/\/www.voismagazine.it\/dp\/?p=39223"},"modified":"2016-05-17T19:31:48","modified_gmt":"2016-05-17T17:31:48","slug":"la-fondazione-fiumara-darte-rigenera-a-librino-la-via-della-bellezza","status":"publish","type":"post","link":"https:\/\/www.voismagazine.it\/dp\/2016\/05\/17\/la-fondazione-fiumara-darte-rigenera-a-librino-la-via-della-bellezza\/","title":{"rendered":"La Fondazione Fiumara d\u2019Arte rigenera a Librino:  LA VIA DELLA BELLEZZA"},"content":{"rendered":"<div id=\"voism-1015890970\" class=\"voism-prima-del-contenuto voism-entity-placement\"><a href=\"https:\/\/amzn.to\/2Y0db7E\" aria-label=\"\"><\/a><\/div><h1 class=\"western\"><a href=\"http:\/\/www.voismagazine.it\/dp\/2016\/05\/17\/la-fondazione-fiumara-darte-rigenera-a-librino-la-via-della-bellezza\/antonio-presti-porta-della-bellezza\/\" rel=\"attachment wp-att-39227\"><img loading=\"lazy\" decoding=\"async\" class=\"alignleft size-full wp-image-39227\" src=\"http:\/\/www.voismagazine.it\/dp\/wp-content\/uploads\/2016\/05\/Antonio-Presti-Porta-della-bellezza.jpg\" alt=\"Antonio Presti - Porta della bellezza\" width=\"400\" height=\"266\" srcset=\"https:\/\/www.voismagazine.it\/dp\/wp-content\/uploads\/2016\/05\/Antonio-Presti-Porta-della-bellezza.jpg 400w, https:\/\/www.voismagazine.it\/dp\/wp-content\/uploads\/2016\/05\/Antonio-Presti-Porta-della-bellezza-300x200.jpg 300w\" sizes=\"auto, (max-width: 400px) 100vw, 400px\" \/><\/a>Terzocchio Meridiani di Luce &#8211; Museo Internazionale dell\u2019Immagine<\/h1>\n<p class=\"western\" align=\"LEFT\"><span style=\"font-family: 'Times New Roman', serif;\"><span style=\"font-size: medium;\"><span style=\"font-size: large;\">Gli abitanti del quartiere di Librino affermano, attraverso i loro volti e i loro sorrisi, un impegno civile, familiare, etico ed estetico: <\/span><span style=\"font-size: large;\"><b>il diritto alla cittadinanza<\/b><\/span><span style=\"font-size: large;\">.<\/span><\/span><\/span><\/p>\n<p align=\"CENTER\"><span style=\"font-family: 'Times New Roman', serif;\"><span style=\"font-size: x-large;\"><b>La Fondazione Fiumara d\u2019Arte rigenera a Librino: <\/b><\/span><\/span><\/p>\n<p align=\"CENTER\"><span style=\"font-family: 'Times New Roman', serif;\"><span style=\"font-size: x-large;\"><b>LA VIA DELLA BELLEZZA<\/b><\/span><\/span><\/p>\n<p class=\"western\" align=\"CENTER\"><span style=\"font-family: 'Times New Roman', serif;\"><span style=\"font-size: large;\"><b>Marted\u00ec 17 Maggio 2016 &#8211; IC Campanella Sturzo, Viale Bummacaro 8, Librino<\/b><\/span><\/span><\/p>\n<p align=\"CENTER\"><span style=\"font-family: 'Times New Roman', serif;\"><span style=\"font-size: medium;\"><b>Consegna alla scuola e alla citt\u00e0 di Catania dell\u2019archivio socio-antropologico fotografico realizzato durante l\u2019anno didattico 2015-2016 IC Campanella-Sturzo con il coinvolgimento di 250 studenti diretti dagli artisti-fotografi Claudio Floresta e Luca Guarneri. <\/b><\/span><\/span><\/p>\n<p class=\"western\" align=\"JUSTIFY\"><span style=\"font-family: 'Times New Roman', serif;\"><span style=\"font-size: medium;\"><span style=\"font-size: large;\">L\u2019intento della <\/span><span style=\"font-size: large;\"><b>Fondazione Antonio Presti \u2013 Fiumara d\u2019Arte<\/b><\/span><span style=\"font-size: large;\"> \u00e8 la realizzazione a Librino, quartiere periferico di Catania abitato da 100.000 persone e spesso additato per il degrado sociale e civile, di un Museo Internazionale dell\u2019Immagine e dell\u2019Arte contemporanea, <\/span><span style=\"font-size: large;\"><i><b>Terzocchio-Meridiani di Luce<\/b><\/i><\/span><span style=\"font-size: large;\">. Il percorso museale all\u2019aperto si svilupper\u00e0 all\u2019interno del quartiere di Librino attraverso l\u2019utilizzo delle facciate cieche di alcuni edifici dove saranno installate e proiettate le foto degli abitanti coinvolti. A tale scopo \u00e8 stato creato un archivio socio-antropologico di 30.000 scatti di persone tra studenti, insegnanti, mondo dell\u2019associazionismo, cittadini comuni, chiese e negozi di Librino. L\u2019archivio fotografico esistente \u00e8 stato incrementato dagli scatti <\/span><span style=\"font-size: large;\">realizzati attraverso un progetto didattico per l\u2019anno scolastico 2015\/2016, che ha coinvolto centinaia di studenti, i docenti, e i collaboratori scolastici, dell\u2019IC Campanella Sturzo di V.le Bummacaro 8 di Librino, <\/span><span style=\"font-size: large;\">che con entusiasmo hanno affrontato, insieme ad Antonio Presti e il team della sua Fondazione, il tema del futuro museo della fotografia \u201cTerzocchio \u2013 Meridiani di Luce\u201d. Gli artisti-fotografi, Claudio Floresta e Luca Guarneri, hanno incontrato gli studenti coordinati dalle insegnanti Cinzia Melfa e Antonietta Sgroi,<\/span><b> <\/b><span style=\"font-size: large;\">e guidati da Samantha Cucciuffo e Paolo Romania, per approfondire l\u2019argomento che in loro ha suscitato interesse, partecipazione e curiosit\u00e0. <\/span><\/span><\/span><\/p>\n<p class=\"western\" align=\"JUSTIFY\">\u201c<span style=\"font-family: 'Times New Roman', serif;\"><span style=\"font-size: medium;\"><span style=\"color: #000000;\"><span style=\"font-size: large;\">L\u2019osservazione della realt\u00e0 libera e creativa, in cui le differenze e le diversit\u00e0 diventano ricchezza comune\u201d, ha espresso la Preside Dott.ssa Graziella Orto, \u201channo portato alla luce, nei ragazzi, aspetti emozionali profondi, rendendoli mentalmente <\/span><\/span><span style=\"color: #000000;\"><span style=\"font-size: large;\"><i><b>aperti<\/b><\/i><\/span><\/span><span style=\"color: #000000;\"><span style=\"font-size: large;\"> a pensieri, situazioni ed emozioni inaspettate.\u201d. \u00a0<\/span><\/span><\/span><\/span><\/p>\n<p class=\"western\" align=\"JUSTIFY\"><span style=\"color: #000000;\">\u201c<span style=\"font-family: 'Times New Roman', serif;\"><span style=\"font-size: medium;\"><span style=\"font-size: large;\">L\u2019archivio fotografico contenente il lavoro svoltosi durante il laboratorio\u201d, spiega la vicepreside della scuola media Cinzia Melfa, \u201cha suscitato agli alunni entusiasmo e interesse per i contenuti altamente educativi,<\/span><\/span><\/span><span style=\"font-family: 'Times New Roman', serif;\"><span style=\"color: #000000;\"><span style=\"font-size: large;\">\u00a0<\/span><\/span><span style=\"color: #000000;\"><span style=\"font-size: large;\">sociali e artistici del progetto. La forza estetica della fotografia e delle immagini hanno stimolato i ragazzi a riflessioni e pensieri che valorizzeranno culturalmente e artisticamente il loro futuro\u201d.<\/span><\/span><\/span><\/span><\/p>\n<p class=\"western\" align=\"JUSTIFY\"><span style=\"color: #000000;\">\u201c<span style=\"font-family: 'Times New Roman', serif;\"><span style=\"font-size: medium;\"><span style=\"font-size: large;\">Lavorare con i bambini\u201d afferma con entusiamo Claudio Floresta, \u201c\u00e8 sempre un&#8217;esperienza rigenerante e gratificante, affrontare con loro temi etici \u00e8 una scommessa vincente che gi\u00e0 ora stimola in questi ragazzi riflessioni importanti\u201d.<\/span><\/span><\/span><\/span><\/p>\n<p class=\"western\" align=\"LEFT\"><span style=\"color: #000000;\">\u201c<span style=\"font-family: 'Times New Roman', serif;\"><span style=\"font-size: medium;\"><span style=\"font-size: large;\">Un laboratorio intenso e ricco di scambi\u201d <\/span><\/span><\/span><span style=\"font-family: 'Times New Roman', serif;\"><span style=\"color: #000000;\"><span style=\"font-size: large;\">ribatte Luca Guarneri, \u201c<\/span><\/span><span style=\"color: #000000;\"><span style=\"font-size: large;\">Noi fotografi <\/span><\/span><span style=\"color: #000000;\"><span style=\"font-size: large;\">avevano il compito di preparare i ragazzi con dei temi come l&#8217;amicizia, la solidariet\u00e0, il valore dell\u2019essere, ma in realt\u00e0 i ragazzi semplicemente posavano in maniera naturale\u201d. \u00a0<\/span><\/span><\/span><\/span><\/p>\n<p class=\"western\" align=\"JUSTIFY\"><span style=\"font-family: 'Times New Roman', serif;\"><span style=\"font-size: medium;\"><span style=\"font-size: large;\">L\u2019iniziativa mira a risvegliare nei ragazzi di Librino il valore della condivisione, della pratica del fare collettiva, il senso della <\/span><span style=\"font-size: large;\"><i>Bellezza<\/i><\/span><span style=\"font-size: large;\"> artistica e spirituale. L\u2019obiettivo \u00e8 quello di contribuire a una coscienza comune di rispetto per loro ed il territorio, e di recuperare e divulgare i valori dell\u2019impegno civile, attraverso delle immagini emozionali. <\/span><\/span><\/span><\/p>\n<p class=\"western\">\u201c<span style=\"font-family: 'Times New Roman', serif;\"><span style=\"font-size: large;\">Sono molto felice di questo mio percorso intrapreso con la scuola e con i ragazzi\u201d, dichiara Antonio Presti, \u201cuniti nel nome di un cambiamento, autori e artefici di un processo maieutico per riacquistare il diritto alla cittadinanza. Il futuro museo dell\u2019Immagine unir\u00e0 attorno a s\u00e9 oltre 30.000 persone che daranno volto e anima a Librino e a Catania. Per la prima volta sar\u00e0 proprio Librino a tendere la mano al resto della citt\u00e0, a coinvolgerla nel suo processo di cambiamento\u201d. <\/span><\/span><\/p>\n<p class=\"western\" align=\"JUSTIFY\"><span style=\"font-family: 'Times New Roman', serif;\"><span style=\"font-size: medium;\"><span style=\"font-size: large;\">I ragazzi coinvolti nel laboratorio sono la chiave del cambiamento non solo per loro stessi, ma anche per gli adulti e per l\u2019intero quartiere. La testimonianza del laboratorio, sigillata in un foto-filmato contenente la descrizione del progetto e oltre 250 scatti dei ragazzi coinvolti e i loro componimenti poetici, verr\u00e0 distribuito a tutti i ragazzi e i docenti della scuola. Il foto-filmato, prodotto dalla <\/span><span style=\"font-size: large;\"><b>Fondazione Antonio Presti &#8211;<\/b><\/span> <span style=\"font-size: large;\"><b>Fiumara d&#8217;Arte <\/b><\/span><span style=\"font-size: large;\">e curato da<\/span><span style=\"font-size: large;\"> Claudio Floresta, sar\u00e0 proiettato per la prima volta all\u2019IC Campanella Sturzo di Viale Bummacaro 8, il 1<\/span><span style=\"font-size: large;\"><b>7 maggio 2016<\/b><\/span><span style=\"font-size: large;\"> alle ore 10:00 con la presenza degli alunni della scuola elementare, e alle ore 11:00 con gli studenti della media.<\/span><\/span><\/span><\/p>\n<div id=\"voism-936448854\" class=\"voism-fine voism-entity-placement\"><a href=\"https:\/\/amzn.to\/2Y0db7E\" aria-label=\"\"><\/a><\/div>","protected":false},"excerpt":{"rendered":"<p>Terzocchio Meridiani di Luce &#8211; Museo Internazionale dell\u2019Immagine Gli abitanti del quartiere di Librino affermano, attraverso i loro volti e i loro sorrisi, un impegno civile, familiare, etico ed estetico: il diritto alla cittadinanza. La Fondazione Fiumara d\u2019Arte rigenera a Librino: LA VIA DELLA BELLEZZA Marted\u00ec 17 Maggio 2016 &#8211; IC Campanella Sturzo, Viale Bummacaro &#8230;<\/p>\n","protected":false},"author":14,"featured_media":39227,"comment_status":"open","ping_status":"open","sticky":false,"template":"","format":"standard","meta":{"footnotes":""},"categories":[6532],"tags":[],"class_list":["post-39223","post","type-post","status-publish","format-standard","has-post-thumbnail","hentry","category-eventi-cultura-e-spettacolo"],"aioseo_notices":[],"_links":{"self":[{"href":"https:\/\/www.voismagazine.it\/dp\/wp-json\/wp\/v2\/posts\/39223","targetHints":{"allow":["GET"]}}],"collection":[{"href":"https:\/\/www.voismagazine.it\/dp\/wp-json\/wp\/v2\/posts"}],"about":[{"href":"https:\/\/www.voismagazine.it\/dp\/wp-json\/wp\/v2\/types\/post"}],"author":[{"embeddable":true,"href":"https:\/\/www.voismagazine.it\/dp\/wp-json\/wp\/v2\/users\/14"}],"replies":[{"embeddable":true,"href":"https:\/\/www.voismagazine.it\/dp\/wp-json\/wp\/v2\/comments?post=39223"}],"version-history":[{"count":2,"href":"https:\/\/www.voismagazine.it\/dp\/wp-json\/wp\/v2\/posts\/39223\/revisions"}],"predecessor-version":[{"id":39229,"href":"https:\/\/www.voismagazine.it\/dp\/wp-json\/wp\/v2\/posts\/39223\/revisions\/39229"}],"wp:featuredmedia":[{"embeddable":true,"href":"https:\/\/www.voismagazine.it\/dp\/wp-json\/wp\/v2\/media\/39227"}],"wp:attachment":[{"href":"https:\/\/www.voismagazine.it\/dp\/wp-json\/wp\/v2\/media?parent=39223"}],"wp:term":[{"taxonomy":"category","embeddable":true,"href":"https:\/\/www.voismagazine.it\/dp\/wp-json\/wp\/v2\/categories?post=39223"},{"taxonomy":"post_tag","embeddable":true,"href":"https:\/\/www.voismagazine.it\/dp\/wp-json\/wp\/v2\/tags?post=39223"}],"curies":[{"name":"wp","href":"https:\/\/api.w.org\/{rel}","templated":true}]}}