{"id":38163,"date":"2015-10-31T10:38:31","date_gmt":"2015-10-31T09:38:31","guid":{"rendered":"http:\/\/www.voismagazine.it\/dp\/?p=38163"},"modified":"2015-11-01T11:09:57","modified_gmt":"2015-11-01T10:09:57","slug":"diciassettenne-in-gravi-condizioni-serve-sangue-o-rh-negativo","status":"publish","type":"post","link":"https:\/\/www.voismagazine.it\/dp\/2015\/10\/31\/diciassettenne-in-gravi-condizioni-serve-sangue-o-rh-negativo\/","title":{"rendered":"Diciassettenne in gravi condizioni, &#8220;Serve sangue O Rh negativo&#8221;"},"content":{"rendered":"<div id=\"voism-3331856900\" class=\"voism-prima-del-contenuto voism-entity-placement\"><a href=\"https:\/\/amzn.to\/2Y0db7E\" aria-label=\"\"><\/a><\/div><p><strong><a href=\"http:\/\/www.voismagazine.it\/dp\/2015\/10\/31\/diciassettenne-in-gravi-condizioni-serve-sangue-o-rh-negativo\/ospedale-garibaldi-stefano\/\" rel=\"attachment wp-att-38164\"><img loading=\"lazy\" decoding=\"async\" class=\"alignleft size-medium wp-image-38164\" src=\"http:\/\/www.voismagazine.it\/dp\/wp-content\/uploads\/2015\/11\/Ospedale-Garibaldi-stefano-300x194.jpg\" alt=\"Ospedale-Garibaldi stefano\" width=\"300\" height=\"194\" srcset=\"https:\/\/www.voismagazine.it\/dp\/wp-content\/uploads\/2015\/11\/Ospedale-Garibaldi-stefano-300x194.jpg 300w, https:\/\/www.voismagazine.it\/dp\/wp-content\/uploads\/2015\/11\/Ospedale-Garibaldi-stefano.jpg 800w\" sizes=\"auto, (max-width: 300px) 100vw, 300px\" \/><\/a>Stefano <\/strong>un ragazzo di 17 anni coinvolto in un grave incidente stradale\u00a0in via Paolo Orsi a Siracusa lo\u00a0scorso 29 ottobre, si trova in gravi condizioni con\u00a0prognosi riservata, il giovane\u00a0\u00e8 \u00a0stato trasferito in elisoccorso dall&#8217;ospedale di Siracusa al Garibaldi di Catania.<\/p>\n<p>A\u00a0causa delle gravi lesioni che ha riportato\u00a0\u00e8 stata attivata la richiesta di sangue 0 RH negativo, la sua vita \u00e8 appesa ad un filo ed \u00e8 in Rianimazione.\u00a0&#8220;Chi pu\u00f2 donare venga all&#8217;ospedale Garibaldi vecchio &#8211; scrive \u00a0il pap\u00e0 Michele &#8211; vi aspetto&#8221;<\/p>\n<div id=\"voism-1039139432\" class=\"voism-fine voism-entity-placement\"><a href=\"https:\/\/amzn.to\/2Y0db7E\" aria-label=\"\"><\/a><\/div>","protected":false},"excerpt":{"rendered":"<p>Stefano un ragazzo di 17 anni coinvolto in un grave incidente stradale\u00a0in via Paolo Orsi a Siracusa lo\u00a0scorso 29 ottobre, si trova in gravi condizioni con\u00a0prognosi riservata, il giovane\u00a0\u00e8 \u00a0stato trasferito in elisoccorso dall&#8217;ospedale di Siracusa al Garibaldi di Catania. A\u00a0causa delle gravi lesioni che ha riportato\u00a0\u00e8 stata attivata la richiesta di sangue 0 RH &#8230;<\/p>\n","protected":false},"author":14,"featured_media":38164,"comment_status":"open","ping_status":"open","sticky":false,"template":"","format":"standard","meta":{"footnotes":""},"categories":[6676],"tags":[],"class_list":["post-38163","post","type-post","status-publish","format-standard","has-post-thumbnail","hentry","category-news-locali"],"aioseo_notices":[],"_links":{"self":[{"href":"https:\/\/www.voismagazine.it\/dp\/wp-json\/wp\/v2\/posts\/38163","targetHints":{"allow":["GET"]}}],"collection":[{"href":"https:\/\/www.voismagazine.it\/dp\/wp-json\/wp\/v2\/posts"}],"about":[{"href":"https:\/\/www.voismagazine.it\/dp\/wp-json\/wp\/v2\/types\/post"}],"author":[{"embeddable":true,"href":"https:\/\/www.voismagazine.it\/dp\/wp-json\/wp\/v2\/users\/14"}],"replies":[{"embeddable":true,"href":"https:\/\/www.voismagazine.it\/dp\/wp-json\/wp\/v2\/comments?post=38163"}],"version-history":[{"count":2,"href":"https:\/\/www.voismagazine.it\/dp\/wp-json\/wp\/v2\/posts\/38163\/revisions"}],"predecessor-version":[{"id":38166,"href":"https:\/\/www.voismagazine.it\/dp\/wp-json\/wp\/v2\/posts\/38163\/revisions\/38166"}],"wp:featuredmedia":[{"embeddable":true,"href":"https:\/\/www.voismagazine.it\/dp\/wp-json\/wp\/v2\/media\/38164"}],"wp:attachment":[{"href":"https:\/\/www.voismagazine.it\/dp\/wp-json\/wp\/v2\/media?parent=38163"}],"wp:term":[{"taxonomy":"category","embeddable":true,"href":"https:\/\/www.voismagazine.it\/dp\/wp-json\/wp\/v2\/categories?post=38163"},{"taxonomy":"post_tag","embeddable":true,"href":"https:\/\/www.voismagazine.it\/dp\/wp-json\/wp\/v2\/tags?post=38163"}],"curies":[{"name":"wp","href":"https:\/\/api.w.org\/{rel}","templated":true}]}}