{"id":3786,"date":"2012-12-02T15:21:09","date_gmt":"2012-12-02T14:21:09","guid":{"rendered":"http:\/\/www.voismagazine.it\/dp\/?p=3786"},"modified":"2013-01-10T17:22:45","modified_gmt":"2013-01-10T16:22:45","slug":"seconda-rata-dellimu-addio-tredicesima-e-piccole-imprese-sul-baratro","status":"publish","type":"post","link":"https:\/\/www.voismagazine.it\/dp\/2012\/12\/02\/seconda-rata-dellimu-addio-tredicesima-e-piccole-imprese-sul-baratro\/","title":{"rendered":"Seconda rata dell&#8217;IMU. Addio tredicesima e piccole imprese sul baratro"},"content":{"rendered":"<div id=\"voism-1833734525\" class=\"voism-prima-del-contenuto voism-entity-placement\"><a href=\"https:\/\/amzn.to\/2Y0db7E\" aria-label=\"\"><\/a><\/div><p>Dicembre 2012: la fine del mondo, l&#8217;apocalisse, i disastri. Vuoi vedere che i Maya non c&#8217;erano andati poi cos\u00ec lontani? La situazione economica non accenna a migliorare e da pi\u00f9 parti si annuncia un 2013 in ulteriore calo, specie per quanto riguarda l&#8217;occupazione, con gli effetti della Riforma Fornero. Le aziende chiudono e migliaia di lavoratori rischiano il posto; giovani a spasso, laureati che non riescono a inserirsi nel mercato del lavoro, pensionati alle strette.<strong> E per chi ha un lavoro e magari anche una casa? Tasse<\/strong>. E per chi ha un&#8217;azienda o semplicemente immagina di avviare un&#8217;attivit\u00e0? Tasse. <a href=\"http:\/\/www.voismagazine.it\/dp\/wp-content\/uploads\/2012\/12\/natale-acquisti.jpg\"><img loading=\"lazy\" decoding=\"async\" class=\"alignleft\" title=\"natale acquisti\" src=\"http:\/\/www.voismagazine.it\/dp\/wp-content\/uploads\/2012\/12\/natale-acquisti-300x199.jpg\" alt=\"\" width=\"300\" height=\"199\" \/><\/a> Il mese di Dicembre \u00e8 sempre stato quello degli acquisti, dei &#8220;consumi che fanno girare l&#8217;economia&#8221; (tanto per usare un&#8217;espressione tra le pi\u00f9 abusate), dell&#8217;occupazione stagionale e del turismo, degli eventi natalizi e della cultura. Nell&#8217;immaginario collettivo-medio \u00e8 soprattutto il mese della tredicesima. Regali, viaggi, settimana bianca; quest&#8217;anno in molti dovranno orientarsi verso un Natale low cost e saranno costretti a mettere mano al portafoglio per pagare il Fisco e i Comuni. La data segnata in calendario con il rosso (come il conto in banca, non come le festivit\u00e0) \u00e8<strong> il 17 Dicembre<\/strong>, termine ultimo per il saldo dell&#8217;<strong>Imu<\/strong>, odiata protagonista di tutto il 2012. Quote medie piuttosto alte sia per la prima che per la seconda casa (rispettivamente 278 e 745 euro, con picchi di oltre 1200 euro); un aumento del 55% rispetto alla prima rata di Giugno. Un bel regalo di Natale a coronamento di un anno trascorso a compilare F24 e visualizzare dati catastali. <a href=\"http:\/\/www.voismagazine.it\/dp\/wp-content\/uploads\/2012\/12\/1201528-imu.jpg\"><img loading=\"lazy\" decoding=\"async\" class=\"alignnone size-full wp-image-3795\" title=\"1201528-imu\" src=\"http:\/\/www.voismagazine.it\/dp\/wp-content\/uploads\/2012\/12\/1201528-imu.jpg\" alt=\"\" width=\"680\" height=\"380\" \/><\/a>Ancora peggio per le aziende. Capannoni, uffici, laboratori, immobili industriali in genere subiranno un colpo fortissimo da parte dell&#8217;Imu e del decreto &#8220;Salva Italia&#8221;. Secondo l&#8217;indagine della CGIA di Mestre si arriver\u00e0 a pagare addirittura il 154% in pi\u00f9 rispetto all&#8217;Ici, con aumento generale del 67%. Si sapeva da mesi, ma non \u00e8 stato fatto nulla per mitigare gli effetti della tassa sulle attivit\u00e0 produttive e la scadenza \u00e8 ormai alle porte.<\/p>\n<p title=\"proprietari di immobili\">\u201cIn una fase economica in cui i consumi sono in forte contrazione, il credito continua ad essere erogato con il contagocce e le tasse continuano ad aumentare \u2013 commenta <strong>Giuseppe Bortolussi<\/strong>, segretario della CGIA \u2013\u00a0 auspico che il Governo, visto che la legge gli d\u00e0 la possibilit\u00e0 di farlo \u00a0entro il 10 dicembre, riveda al ribasso le aliquote dell\u2019Imu per le attivit\u00e0 produttive, altrimenti corriamo il\u00a0 pericolo che molte piccole aziende chiudano i battenti e finiscano a lavorare in nero. Non dimentichiamo \u2013 conclude Bortolussi \u2013 che nella stragrande maggioranza dei casi gli imprenditori pagheranno l\u2019imposta municipale due volte. Una come proprietari di prima casa e l\u2019altra come proprietari di immobili ad uso commerciale o produttivo. Visti gli aumenti introdotti quest\u2019anno, ho il timore che\u00a0 molti piccoli artigiani e piccoli industriali si troveranno in grosse difficolt\u00e0 a versare il saldo previsto entro il prossimo 17 dicembre\u201d.<\/p>\n<p title=\"proprietari di immobili\">Tra le categorie imprenditoriali pi\u00f9 colpite, gli albergatori (8405 euro), la grande distribuzione (5.930), gli industriali (4.725), gli artigiani e i piccoli industriali (2.756), i liberi professionisti (1.468), i commercianti (729) e i piccoli artigiani (574). Dati calcolati con aliquota media del 7,6% e riferiti soltanto alla seconda rata.<\/p>\n<table width=\"382\" border=\"0\" cellspacing=\"0\" cellpadding=\"0\">\n<tbody>\n<tr>\n<td valign=\"bottom\" nowrap=\"nowrap\" width=\"182\"><\/td>\n<td valign=\"bottom\" nowrap=\"nowrap\" width=\"58\"><\/td>\n<td valign=\"bottom\" nowrap=\"nowrap\" width=\"50\"><\/td>\n<td valign=\"bottom\" nowrap=\"nowrap\" width=\"52\"><\/td>\n<\/tr>\n<tr>\n<td valign=\"bottom\" nowrap=\"nowrap\" width=\"182\"><\/td>\n<td valign=\"bottom\" nowrap=\"nowrap\" width=\"58\"><\/td>\n<td valign=\"bottom\" nowrap=\"nowrap\" width=\"50\"><\/td>\n<td valign=\"bottom\" nowrap=\"nowrap\" width=\"52\"><\/td>\n<\/tr>\n<tr>\n<td valign=\"bottom\" nowrap=\"nowrap\" width=\"182\"><\/td>\n<td valign=\"bottom\" nowrap=\"nowrap\" width=\"58\"><\/td>\n<td valign=\"bottom\" nowrap=\"nowrap\" width=\"50\"><\/td>\n<td valign=\"bottom\" nowrap=\"nowrap\" width=\"52\"><\/td>\n<\/tr>\n<tr>\n<td valign=\"bottom\" nowrap=\"nowrap\" width=\"182\"><\/td>\n<td valign=\"bottom\" nowrap=\"nowrap\" width=\"58\"><\/td>\n<td valign=\"bottom\" nowrap=\"nowrap\" width=\"50\"><\/td>\n<td valign=\"bottom\" nowrap=\"nowrap\" width=\"52\"><\/td>\n<\/tr>\n<tr>\n<td valign=\"bottom\" nowrap=\"nowrap\" width=\"182\"><\/td>\n<td valign=\"bottom\" nowrap=\"nowrap\" width=\"58\"><\/td>\n<td valign=\"bottom\" nowrap=\"nowrap\" width=\"50\"><\/td>\n<td valign=\"bottom\" nowrap=\"nowrap\" width=\"52\"><\/td>\n<\/tr>\n<tr>\n<td valign=\"bottom\" nowrap=\"nowrap\" width=\"182\"><\/td>\n<td valign=\"bottom\" nowrap=\"nowrap\" width=\"58\"><\/td>\n<td valign=\"bottom\" nowrap=\"nowrap\" width=\"50\"><\/td>\n<td valign=\"bottom\" nowrap=\"nowrap\" width=\"52\"><\/td>\n<\/tr>\n<tr>\n<td valign=\"bottom\" nowrap=\"nowrap\" width=\"182\"><\/td>\n<td valign=\"bottom\" nowrap=\"nowrap\" width=\"58\"><\/td>\n<td valign=\"bottom\" nowrap=\"nowrap\" width=\"50\"><\/td>\n<td valign=\"bottom\" nowrap=\"nowrap\" width=\"52\"><\/td>\n<\/tr>\n<\/tbody>\n<\/table>\n<p>Una mazzata apocalittica degna dei Maya e del loro calendario. Con la sola differenza che la loro era una profezia priva di rilievi scientifici.<\/p>\n<div id=\"voism-212300019\" class=\"voism-fine voism-entity-placement\"><a href=\"https:\/\/amzn.to\/2Y0db7E\" aria-label=\"\"><\/a><\/div>","protected":false},"excerpt":{"rendered":"<p>Dicembre 2012: la fine del mondo, l&#8217;apocalisse, i disastri. Vuoi vedere che i Maya non c&#8217;erano andati poi cos\u00ec lontani? La situazione economica non accenna a migliorare e da pi\u00f9 parti si annuncia un 2013 in ulteriore calo, specie per quanto riguarda l&#8217;occupazione, con gli effetti della Riforma Fornero. Le aziende chiudono e migliaia di &#8230;<\/p>\n","protected":false},"author":2,"featured_media":0,"comment_status":"open","ping_status":"open","sticky":false,"template":"","format":"standard","meta":{"footnotes":""},"categories":[2454],"tags":[],"class_list":["post-3786","post","type-post","status-publish","format-standard","hentry","category-news"],"aioseo_notices":[],"_links":{"self":[{"href":"https:\/\/www.voismagazine.it\/dp\/wp-json\/wp\/v2\/posts\/3786","targetHints":{"allow":["GET"]}}],"collection":[{"href":"https:\/\/www.voismagazine.it\/dp\/wp-json\/wp\/v2\/posts"}],"about":[{"href":"https:\/\/www.voismagazine.it\/dp\/wp-json\/wp\/v2\/types\/post"}],"author":[{"embeddable":true,"href":"https:\/\/www.voismagazine.it\/dp\/wp-json\/wp\/v2\/users\/2"}],"replies":[{"embeddable":true,"href":"https:\/\/www.voismagazine.it\/dp\/wp-json\/wp\/v2\/comments?post=3786"}],"version-history":[{"count":0,"href":"https:\/\/www.voismagazine.it\/dp\/wp-json\/wp\/v2\/posts\/3786\/revisions"}],"wp:attachment":[{"href":"https:\/\/www.voismagazine.it\/dp\/wp-json\/wp\/v2\/media?parent=3786"}],"wp:term":[{"taxonomy":"category","embeddable":true,"href":"https:\/\/www.voismagazine.it\/dp\/wp-json\/wp\/v2\/categories?post=3786"},{"taxonomy":"post_tag","embeddable":true,"href":"https:\/\/www.voismagazine.it\/dp\/wp-json\/wp\/v2\/tags?post=3786"}],"curies":[{"name":"wp","href":"https:\/\/api.w.org\/{rel}","templated":true}]}}