{"id":36776,"date":"2015-05-06T14:41:58","date_gmt":"2015-05-06T12:41:58","guid":{"rendered":"http:\/\/www.voismagazine.it\/dp\/?p=36776"},"modified":"2015-05-06T14:41:58","modified_gmt":"2015-05-06T12:41:58","slug":"la-buona-scuola","status":"publish","type":"post","link":"https:\/\/www.voismagazine.it\/dp\/2015\/05\/06\/la-buona-scuola\/","title":{"rendered":"La Buona Scuola"},"content":{"rendered":"<div id=\"voism-1782152836\" class=\"voism-prima-del-contenuto voism-entity-placement\"><a href=\"https:\/\/amzn.to\/2Y0db7E\" aria-label=\"\"><\/a><\/div><p><a href=\"http:\/\/www.voismagazine.it\/dp\/wp-content\/uploads\/2015\/05\/la-buona-scuola-verminaio.jpg\"><img loading=\"lazy\" decoding=\"async\" src=\"http:\/\/www.voismagazine.it\/dp\/wp-content\/uploads\/2015\/05\/la-buona-scuola-verminaio-300x227.jpg\" alt=\"la buona scuola verminaio\" width=\"300\" height=\"227\" class=\"alignnone size-medium wp-image-36777\" srcset=\"https:\/\/www.voismagazine.it\/dp\/wp-content\/uploads\/2015\/05\/la-buona-scuola-verminaio-300x227.jpg 300w, https:\/\/www.voismagazine.it\/dp\/wp-content\/uploads\/2015\/05\/la-buona-scuola-verminaio-1024x773.jpg 1024w\" sizes=\"auto, (max-width: 300px) 100vw, 300px\" \/><\/a><\/p>\n<p>Precari inseriti &#8220;a forza&#8221; (ma solo in ottemperanza a una sentenza della Corte Europea), chiamata diretta dei docenti da parte dei presidi, finanziamenti alle scuole private, etc.<br \/>\nManca in quest&#8217;ultima riforma, cos\u00ec come in tutte quelle degli ultimi vent&#8217;anni, un piano strutturale concreto capace di conferire all&#8217;istituzione scolastica un&#8217;identit\u00e0 e soprattutto una credibilit\u00e0 di fronte a tutti i soggetti coinvolti, studenti, docenti e famiglie.<br \/>\nPerch\u00e8, al di l\u00e0 degli atavici problemi legati all&#8217;organico, \u00e8 l&#8217;azione di classe ad essere diventata ormai inefficace per via, soprattutto, dello svilimento progressivo dell&#8217;istituzione conseguente a riforme sbagliate.<br \/>\nPer questo l&#8217;ennesima &#8220;Buona Scuola&#8221; non \u00e8 detto che sia anche una cosa buona &#8220;per&#8221; la scuola&#8230;<\/p>\n<p>Andrea Lupo <\/p>\n<div id=\"voism-2038848485\" class=\"voism-fine voism-entity-placement\"><a href=\"https:\/\/amzn.to\/2Y0db7E\" aria-label=\"\"><\/a><\/div>","protected":false},"excerpt":{"rendered":"<p>Precari inseriti &#8220;a forza&#8221; (ma solo in ottemperanza a una sentenza della Corte Europea), chiamata diretta dei docenti da parte dei presidi, finanziamenti alle scuole private, etc. Manca in quest&#8217;ultima riforma, cos\u00ec come in tutte quelle degli ultimi vent&#8217;anni, un piano strutturale concreto capace di conferire all&#8217;istituzione scolastica un&#8217;identit\u00e0 e soprattutto una credibilit\u00e0 di fronte &#8230;<\/p>\n","protected":false},"author":31,"featured_media":36777,"comment_status":"open","ping_status":"open","sticky":false,"template":"","format":"standard","meta":{"footnotes":""},"categories":[1740,2454,6694],"tags":[],"class_list":["post-36776","post","type-post","status-publish","format-standard","has-post-thumbnail","hentry","category-incopertina","category-news","category-vignette-e-satira-di-andrea-lupo"],"aioseo_notices":[],"_links":{"self":[{"href":"https:\/\/www.voismagazine.it\/dp\/wp-json\/wp\/v2\/posts\/36776","targetHints":{"allow":["GET"]}}],"collection":[{"href":"https:\/\/www.voismagazine.it\/dp\/wp-json\/wp\/v2\/posts"}],"about":[{"href":"https:\/\/www.voismagazine.it\/dp\/wp-json\/wp\/v2\/types\/post"}],"author":[{"embeddable":true,"href":"https:\/\/www.voismagazine.it\/dp\/wp-json\/wp\/v2\/users\/31"}],"replies":[{"embeddable":true,"href":"https:\/\/www.voismagazine.it\/dp\/wp-json\/wp\/v2\/comments?post=36776"}],"version-history":[{"count":7,"href":"https:\/\/www.voismagazine.it\/dp\/wp-json\/wp\/v2\/posts\/36776\/revisions"}],"predecessor-version":[{"id":36784,"href":"https:\/\/www.voismagazine.it\/dp\/wp-json\/wp\/v2\/posts\/36776\/revisions\/36784"}],"wp:featuredmedia":[{"embeddable":true,"href":"https:\/\/www.voismagazine.it\/dp\/wp-json\/wp\/v2\/media\/36777"}],"wp:attachment":[{"href":"https:\/\/www.voismagazine.it\/dp\/wp-json\/wp\/v2\/media?parent=36776"}],"wp:term":[{"taxonomy":"category","embeddable":true,"href":"https:\/\/www.voismagazine.it\/dp\/wp-json\/wp\/v2\/categories?post=36776"},{"taxonomy":"post_tag","embeddable":true,"href":"https:\/\/www.voismagazine.it\/dp\/wp-json\/wp\/v2\/tags?post=36776"}],"curies":[{"name":"wp","href":"https:\/\/api.w.org\/{rel}","templated":true}]}}