{"id":36489,"date":"2015-01-28T18:08:31","date_gmt":"2015-01-28T17:08:31","guid":{"rendered":"http:\/\/www.voismagazine.it\/dp\/?p=36489"},"modified":"2015-01-28T20:10:20","modified_gmt":"2015-01-28T19:10:20","slug":"cgil-criminalita-organizzata-necessarie-risorse-e-strumenti","status":"publish","type":"post","link":"https:\/\/www.voismagazine.it\/dp\/2015\/01\/28\/cgil-criminalita-organizzata-necessarie-risorse-e-strumenti\/","title":{"rendered":"Cgil: Criminalit\u00e0 organizzata, necessarie risorse e strumenti"},"content":{"rendered":"<div id=\"voism-1857663207\" class=\"voism-prima-del-contenuto voism-entity-placement\"><a href=\"https:\/\/amzn.to\/2Y0db7E\" aria-label=\"\"><\/a><\/div><p align=\"justify\"><span style=\"font-family: Arial;\"><a href=\"http:\/\/www.voismagazine.it\/dp\/2013\/03\/12\/mafia-6-arresti-a-palermo-le-mogli-dei-boss-lamentano-calo-degli-affari\/image-1326\/\" rel=\"attachment wp-att-13062\"><img loading=\"lazy\" decoding=\"async\" class=\"alignleft size-medium wp-image-13062\" src=\"http:\/\/www.voismagazine.it\/dp\/wp-content\/uploads\/2013\/03\/image132-300x200.jpg\" alt=\"Carabinieri\" width=\"300\" height=\"200\" \/><\/a>Roma, 28 gennaio &#8211; &#8220;La lotta all&#8217;illegalit\u00e0 \u00e8 un tema di emergenza nazionale a cui deve essere assegnata assoluta priorit\u00e0: la maxi operazione dei carabinieri contro le infiltrazioni della &#8216;ndrangheta in tutta Italia lo dimostra&#8221;. Cos\u00ec <strong>Gianna Fracassi<\/strong>, segretario confederale della Cgil, commenta l&#8217;operazione coordinata dalla Direzione Distrettuale Antimafia del capoluogo emiliano.<\/span><\/p>\n<p align=\"justify\"><span style=\"font-family: Arial;\">&#8220;Ancora una volta &#8211; sottolinea Fracassi &#8211; \u00e8 preoccupante sia la dimensione territoriale del fenomeno, che emerge dal numero di regioni coinvolte (Emilia Romagna, Lombardia, Piemonte, Veneto, Calabria e Sicilia), sia che parte dell&#8217;inchiesta riguardi appalti pubblici per la ricostruzione post terremoto&#8221;. &#8220;La Cgil &#8211; continua la dirigente sindacale &#8211; vuole dare il proprio contributo a questa battaglia, e lo sta facendo attraverso i patti territoriali sulla legalit\u00e0 e con la campagna nazionale di raccolta firme per una legge di iniziativa popolare sugli appalti&#8221;.<\/span><\/p>\n<p align=\"justify\"><span style=\"font-family: Arial;\">&#8220;<\/span><span style=\"font-family: Arial;\">\u00c8<\/span> doveroso <span style=\"font-family: Arial;\">&#8211; continua Fracassi &#8211; <\/span><span style=\"font-family: Arial;\">dare ascolto all&#8217;allarme lanciato negli scorsi giorni da molti procuratori <\/span><span style=\"font-family: Arial;\">in merito allo stato e alle necessit\u00e0 dei settori della giustizia e della sicurezza nel nostro Paese: per combattere il malaffare servono risorse e mezzi&#8221;. &#8220;Inoltre &#8211; conclude &#8211; occorre rafforzare le procure in prima linea nella lotta alle mafie: il loro ruolo\u00a0 \u00e8 molto importante, cos\u00ec come quello della DDA, e non pu\u00f2 essere ridimensionato&#8221;.<\/span><\/p>\n<div id=\"voism-3220004839\" class=\"voism-fine voism-entity-placement\"><a href=\"https:\/\/amzn.to\/2Y0db7E\" aria-label=\"\"><\/a><\/div>","protected":false},"excerpt":{"rendered":"<p>Roma, 28 gennaio &#8211; &#8220;La lotta all&#8217;illegalit\u00e0 \u00e8 un tema di emergenza nazionale a cui deve essere assegnata assoluta priorit\u00e0: la maxi operazione dei carabinieri contro le infiltrazioni della &#8216;ndrangheta in tutta Italia lo dimostra&#8221;. Cos\u00ec Gianna Fracassi, segretario confederale della Cgil, commenta l&#8217;operazione coordinata dalla Direzione Distrettuale Antimafia del capoluogo emiliano. &#8220;Ancora una volta &#8230;<\/p>\n","protected":false},"author":14,"featured_media":0,"comment_status":"open","ping_status":"open","sticky":false,"template":"","format":"standard","meta":{"footnotes":""},"categories":[2454],"tags":[],"class_list":["post-36489","post","type-post","status-publish","format-standard","hentry","category-news"],"aioseo_notices":[],"_links":{"self":[{"href":"https:\/\/www.voismagazine.it\/dp\/wp-json\/wp\/v2\/posts\/36489","targetHints":{"allow":["GET"]}}],"collection":[{"href":"https:\/\/www.voismagazine.it\/dp\/wp-json\/wp\/v2\/posts"}],"about":[{"href":"https:\/\/www.voismagazine.it\/dp\/wp-json\/wp\/v2\/types\/post"}],"author":[{"embeddable":true,"href":"https:\/\/www.voismagazine.it\/dp\/wp-json\/wp\/v2\/users\/14"}],"replies":[{"embeddable":true,"href":"https:\/\/www.voismagazine.it\/dp\/wp-json\/wp\/v2\/comments?post=36489"}],"version-history":[{"count":2,"href":"https:\/\/www.voismagazine.it\/dp\/wp-json\/wp\/v2\/posts\/36489\/revisions"}],"predecessor-version":[{"id":36491,"href":"https:\/\/www.voismagazine.it\/dp\/wp-json\/wp\/v2\/posts\/36489\/revisions\/36491"}],"wp:attachment":[{"href":"https:\/\/www.voismagazine.it\/dp\/wp-json\/wp\/v2\/media?parent=36489"}],"wp:term":[{"taxonomy":"category","embeddable":true,"href":"https:\/\/www.voismagazine.it\/dp\/wp-json\/wp\/v2\/categories?post=36489"},{"taxonomy":"post_tag","embeddable":true,"href":"https:\/\/www.voismagazine.it\/dp\/wp-json\/wp\/v2\/tags?post=36489"}],"curies":[{"name":"wp","href":"https:\/\/api.w.org\/{rel}","templated":true}]}}