{"id":36156,"date":"2014-11-22T16:13:12","date_gmt":"2014-11-22T15:13:12","guid":{"rendered":"http:\/\/www.voismagazine.it\/dp\/?p=36156"},"modified":"2014-11-22T16:13:12","modified_gmt":"2014-11-22T15:13:12","slug":"la-todini-si-dimette-ma-la-rai-lhanno-distrutta","status":"publish","type":"post","link":"https:\/\/www.voismagazine.it\/dp\/2014\/11\/22\/la-todini-si-dimette-ma-la-rai-lhanno-distrutta\/","title":{"rendered":"La Todini si dimette, ma la Rai l&#8217;hanno distrutta"},"content":{"rendered":"<div id=\"voism-1425114589\" class=\"voism-prima-del-contenuto voism-entity-placement\"><a href=\"https:\/\/amzn.to\/2Y0db7E\" aria-label=\"\"><\/a><\/div><p><span class=\"BodyPost\">&#8220;Luisa Todini si \u00e8 dimessa dal consiglio di amministrazione della Rai. Come ho avuto modo di dichiarare gi\u00e0 nei giorni scorsi, affermando che era ormai tempo di mettere fine al doppio incarico, al di l\u00e0 delle norme che possono o meno prevedere delle incompatibilit\u00e0 tra cariche, ci sono ragioni di opportunit\u00e0 ed etica che non possono non essere considerate. La Todini \u00e8 stata nominata Presidente di Poste mentre era ancora in corso il suo mandato a Viale Mazzini. Non \u00e8 possibile che si sommino incarichi su incarichi, poltrone su poltrone, compensi su compensi. In Italia \u00e8 una prassi che stenta a estinguersi, ma \u00e8 ora di cambiare. Bene, quindi, che la Todini abbia deciso di lasciare il cda della Rai. Io per\u00f2 non avrei atteso 7 mesi per farlo.<br \/>\nIl cda Rai oggi ha deciso di ricorrere al Tar contro il mancato versamento di 150 milioni di euro stabilito dal governo Renzi nel decreto Irpef. Una decisione che accolgo favorevolmente ma che arriva nel giorno in cui Rai Way viene definitivamente quotata in borsa. Questa vicenda nel suo complesso non pu\u00f2 non far riflettere sul tipo di azione messa in campo dal governo. Se un servizio pubblico deve svolgere la propria funzione ed essere indipendente, non si pu\u00f2, da un giorno all&#8217;altro, procedere a un taglio di risorse gi\u00e0 inserite in bilancio. Le conseguenze di questo modo di operare sono davanti agli occhi di tutti. La Rai \u00e8 stata costretta di fatto a far cassa repentinamente e a mettere sul mercato il suo fiore all&#8217;occhiello: la societ\u00e0 che possiede e gestisce la rete di trasmissione del segnale radiotelevisivo. Un asset strategico per il nostro Paese che non sar\u00e0 pi\u00f9 totalmente in mano pubblica&#8221;.<br \/>\n<em>Roberto Fico<\/em><\/span><\/p>\n<div id=\"voism-3308243588\" class=\"voism-fine voism-entity-placement\"><a href=\"https:\/\/amzn.to\/2Y0db7E\" aria-label=\"\"><\/a><\/div>","protected":false},"excerpt":{"rendered":"<p>&#8220;Luisa Todini si \u00e8 dimessa dal consiglio di amministrazione della Rai. Come ho avuto modo di dichiarare gi\u00e0 nei giorni scorsi, affermando che era ormai tempo di mettere fine al doppio incarico, al di l\u00e0 delle norme che possono o meno prevedere delle incompatibilit\u00e0 tra cariche, ci sono ragioni di opportunit\u00e0 ed etica che non &#8230;<\/p>\n","protected":false},"author":14,"featured_media":36157,"comment_status":"open","ping_status":"open","sticky":false,"template":"","format":"standard","meta":{"footnotes":""},"categories":[2454],"tags":[],"class_list":["post-36156","post","type-post","status-publish","format-standard","has-post-thumbnail","hentry","category-news"],"aioseo_notices":[],"_links":{"self":[{"href":"https:\/\/www.voismagazine.it\/dp\/wp-json\/wp\/v2\/posts\/36156","targetHints":{"allow":["GET"]}}],"collection":[{"href":"https:\/\/www.voismagazine.it\/dp\/wp-json\/wp\/v2\/posts"}],"about":[{"href":"https:\/\/www.voismagazine.it\/dp\/wp-json\/wp\/v2\/types\/post"}],"author":[{"embeddable":true,"href":"https:\/\/www.voismagazine.it\/dp\/wp-json\/wp\/v2\/users\/14"}],"replies":[{"embeddable":true,"href":"https:\/\/www.voismagazine.it\/dp\/wp-json\/wp\/v2\/comments?post=36156"}],"version-history":[{"count":1,"href":"https:\/\/www.voismagazine.it\/dp\/wp-json\/wp\/v2\/posts\/36156\/revisions"}],"predecessor-version":[{"id":36158,"href":"https:\/\/www.voismagazine.it\/dp\/wp-json\/wp\/v2\/posts\/36156\/revisions\/36158"}],"wp:featuredmedia":[{"embeddable":true,"href":"https:\/\/www.voismagazine.it\/dp\/wp-json\/wp\/v2\/media\/36157"}],"wp:attachment":[{"href":"https:\/\/www.voismagazine.it\/dp\/wp-json\/wp\/v2\/media?parent=36156"}],"wp:term":[{"taxonomy":"category","embeddable":true,"href":"https:\/\/www.voismagazine.it\/dp\/wp-json\/wp\/v2\/categories?post=36156"},{"taxonomy":"post_tag","embeddable":true,"href":"https:\/\/www.voismagazine.it\/dp\/wp-json\/wp\/v2\/tags?post=36156"}],"curies":[{"name":"wp","href":"https:\/\/api.w.org\/{rel}","templated":true}]}}