{"id":36142,"date":"2014-11-22T15:42:11","date_gmt":"2014-11-22T14:42:11","guid":{"rendered":"http:\/\/www.voismagazine.it\/dp\/?p=36142"},"modified":"2014-11-22T15:42:11","modified_gmt":"2014-11-22T14:42:11","slug":"lui-per-lei-un-ponte-tra-napoli-e-new-york-contro-la-violenza-sulle-donne","status":"publish","type":"post","link":"https:\/\/www.voismagazine.it\/dp\/2014\/11\/22\/lui-per-lei-un-ponte-tra-napoli-e-new-york-contro-la-violenza-sulle-donne\/","title":{"rendered":"\u201cLUI per LEI\u201d Un Ponte tra Napoli e New York contro la violenza sulle donne"},"content":{"rendered":"<div id=\"voism-830345\" class=\"voism-prima-del-contenuto voism-entity-placement\"><a href=\"https:\/\/amzn.to\/2Y0db7E\" aria-label=\"\"><\/a><\/div><p dir=\"ltr\">A seguito del progetto \u201cHe For She\u201d sull\u2019invito agli uomini a combattere le diseguaglianze di genere, \u00a0promosso dall\u2019attrice Emma Watson , \u00a0Ambasciatrice di UN Women, quest\u2019anno, \u00a0\u00a0La Consulta delle Elette del Comune di Napoli ha deciso di celebrare la giornata internazionale contro la violenza sulle donne, dando seguito anche in Italia all\u2019iniziativa dall\u2019attrice britannica, \u00a0lanciando a Napoli la campagna &#8220;LUI per LEI&#8221;, nella consapevolezza che la parit\u00e0 non basta ed \u00e8 necessario lavorare sulla differenza e sulla pluralit\u00e0, valori alla base della democrazia. L\u2019evento che partir\u00e0 il prossimo 25 novembre alle ore 10, presso le Aule Comunali, \u00e8 sostenuto in prima linea dal \u00a0Consolato generale degli Stati Uniti, dall\u2019 Associazione Amerigo nella qualit\u00e0 del coordinatore Luigi Traettino, ENAM European Network of America Alumni Association e del quotidiano IL MATTINO. Al convegno interverranno il sindaco Luigi de Magistris, la \u00a0Console generale USA \u00a0Colombia A. Barrosse, \u00a0la Presidente della Consulta delle Elette Simona Molisso. Presenti \u00a0quali testimonial personaggi del mondo della cultura del pensiero e delle arti, tra cui lo scrittore Maurizio De Giovanni, il prof.\u00a0 Aldo Masullo, Diana Pezza Borrelli, Consigliera I Municipalit\u00e0 e Chiara Giuda Collettivo 105.\u00a0 Verra, inoltre proiettato l\u2019opera sociale \u201cIl Rimorso\u201d il cortometraggio del regista Lorenzo Muscoso che racconta varie forme di violenza subita dalle donne, \u00a0ricostruite attraverso il il pentimento, \u00a0una qualit\u00e0 intrinseca dell\u2019essere umano, la cui nella manifestazione, spesso porta a un travaglio personale con la quale si sar\u00e0 costretti a convivere nel tempo. Forse, educare l\u2019uomo a tale sentimento, potr\u00e0 essere utile all\u2019evitare drammi e magari a produrre il ravvedimento necessario.<\/p>\n<p dir=\"ltr\">E\u2019 possibile inoltre aderire all&#8217;iniziativa inviando un breve videomessaggio o una propria foto in cui sia visibile l\u2019Hashtag #luiperlei all\u2019indirizzo : <a title=\"Questo link esterno sar\u00e0 aperto in una nuova finestra\" href=\"http:\/\/da1.b-host.it\/squirrelmail\/src\/compose.php?send_to=luixlei@comune.napoli.it\" target=\"_blank\">luixlei@comune.napoli.it<\/a> o in alternativa, postarla sulla pagina facebook della Campagna LuixLei<\/p>\n<div id=\"voism-621045243\" class=\"voism-fine voism-entity-placement\"><a href=\"https:\/\/amzn.to\/2Y0db7E\" aria-label=\"\"><\/a><\/div>","protected":false},"excerpt":{"rendered":"<p>A seguito del progetto \u201cHe For She\u201d sull\u2019invito agli uomini a combattere le diseguaglianze di genere, \u00a0promosso dall\u2019attrice Emma Watson , \u00a0Ambasciatrice di UN Women, quest\u2019anno, \u00a0\u00a0La Consulta delle Elette del Comune di Napoli ha deciso di celebrare la giornata internazionale contro la violenza sulle donne, dando seguito anche in Italia all\u2019iniziativa dall\u2019attrice britannica, \u00a0lanciando &#8230;<\/p>\n","protected":false},"author":14,"featured_media":0,"comment_status":"open","ping_status":"open","sticky":false,"template":"","format":"standard","meta":{"footnotes":""},"categories":[6532],"tags":[],"class_list":["post-36142","post","type-post","status-publish","format-standard","hentry","category-eventi-cultura-e-spettacolo"],"aioseo_notices":[],"_links":{"self":[{"href":"https:\/\/www.voismagazine.it\/dp\/wp-json\/wp\/v2\/posts\/36142","targetHints":{"allow":["GET"]}}],"collection":[{"href":"https:\/\/www.voismagazine.it\/dp\/wp-json\/wp\/v2\/posts"}],"about":[{"href":"https:\/\/www.voismagazine.it\/dp\/wp-json\/wp\/v2\/types\/post"}],"author":[{"embeddable":true,"href":"https:\/\/www.voismagazine.it\/dp\/wp-json\/wp\/v2\/users\/14"}],"replies":[{"embeddable":true,"href":"https:\/\/www.voismagazine.it\/dp\/wp-json\/wp\/v2\/comments?post=36142"}],"version-history":[{"count":2,"href":"https:\/\/www.voismagazine.it\/dp\/wp-json\/wp\/v2\/posts\/36142\/revisions"}],"predecessor-version":[{"id":36144,"href":"https:\/\/www.voismagazine.it\/dp\/wp-json\/wp\/v2\/posts\/36142\/revisions\/36144"}],"wp:attachment":[{"href":"https:\/\/www.voismagazine.it\/dp\/wp-json\/wp\/v2\/media?parent=36142"}],"wp:term":[{"taxonomy":"category","embeddable":true,"href":"https:\/\/www.voismagazine.it\/dp\/wp-json\/wp\/v2\/categories?post=36142"},{"taxonomy":"post_tag","embeddable":true,"href":"https:\/\/www.voismagazine.it\/dp\/wp-json\/wp\/v2\/tags?post=36142"}],"curies":[{"name":"wp","href":"https:\/\/api.w.org\/{rel}","templated":true}]}}