{"id":36129,"date":"2014-11-22T14:16:22","date_gmt":"2014-11-22T13:16:22","guid":{"rendered":"http:\/\/www.voismagazine.it\/dp\/?p=36129"},"modified":"2014-11-22T14:16:22","modified_gmt":"2014-11-22T13:16:22","slug":"le-morgane-con-simone-ferrara-e-daniel-bellina-inaugurano-il-nuovo-corso-del-trio-vocale","status":"publish","type":"post","link":"https:\/\/www.voismagazine.it\/dp\/2014\/11\/22\/le-morgane-con-simone-ferrara-e-daniel-bellina-inaugurano-il-nuovo-corso-del-trio-vocale\/","title":{"rendered":"Le Morgane con Simone Ferrara e Daniel Bellina inaugurano il nuovo corso del trio vocale"},"content":{"rendered":"<div id=\"voism-178156508\" class=\"voism-prima-del-contenuto voism-entity-placement\"><a href=\"https:\/\/amzn.to\/2Y0db7E\" aria-label=\"\"><\/a><\/div><p>Le Morgane con Simone Ferrara e Daniel Bellina inaugurano il nuovo corso del trio vocale al Cantavespri Vini e vinili a Palermo domenica 23 novembre alle 22<\/p>\n<p>Le Morgane, cos\u00ec come non le avete mai ascoltate. Live, senza basi, e accompagnate semplicemente dalle loro voci sexy e da due tra i musicisti pi\u00f9 bravi della citt\u00e0. Un nuovo corso della loro carriera caratterizzer\u00e0 il concerto del trio vocale pi\u00f9 popolare della citt\u00e0 \u2013 che torna a esibirsi dopo il recente spettacolo con Lino Banfi \u2013 domenica 23 novembre alle 22 al Cantavespri vini e vinili in vicolo Valguarnera 8 (tra piazza Sant\u2019Anna e piazza Rivoluzione) a Palermo.<\/p>\n<p>Alessandra Ponente, Barbara Tutrone e Cinzia Gargano, canteranno i brani del loro repertorio tra pop e swing, accompagnate dal chitarrista Simone Ferrara e da Daniel Bellina al cajon. Si potranno cos\u00ec ascoltare nuove versioni made in Morgane di brani come \u201cHeaven\u201d di Emeli Sande, \u201cFortuna\u201d di Mario Venuti, \u201cMercy\u201d di Duffy, Material girl\u201d di Madonna, \u201cRoyals\u201d di Lorde, si uniranno \u201cGet lucky\u201d dei Daft punk e \u201cAll about that bass\u201d di Meghan Trainor.<\/p>\n<p>L\u2019ingresso al concerto \u00e8 gratuito.<\/p>\n<div id=\"voism-576962898\" class=\"voism-fine voism-entity-placement\"><a href=\"https:\/\/amzn.to\/2Y0db7E\" aria-label=\"\"><\/a><\/div>","protected":false},"excerpt":{"rendered":"<p>Le Morgane con Simone Ferrara e Daniel Bellina inaugurano il nuovo corso del trio vocale al Cantavespri Vini e vinili a Palermo domenica 23 novembre alle 22 Le Morgane, cos\u00ec come non le avete mai ascoltate. Live, senza basi, e accompagnate semplicemente dalle loro voci sexy e da due tra i musicisti pi\u00f9 bravi della &#8230;<\/p>\n","protected":false},"author":14,"featured_media":36130,"comment_status":"open","ping_status":"open","sticky":false,"template":"","format":"standard","meta":{"footnotes":""},"categories":[6532],"tags":[],"class_list":["post-36129","post","type-post","status-publish","format-standard","has-post-thumbnail","hentry","category-eventi-cultura-e-spettacolo"],"aioseo_notices":[],"_links":{"self":[{"href":"https:\/\/www.voismagazine.it\/dp\/wp-json\/wp\/v2\/posts\/36129","targetHints":{"allow":["GET"]}}],"collection":[{"href":"https:\/\/www.voismagazine.it\/dp\/wp-json\/wp\/v2\/posts"}],"about":[{"href":"https:\/\/www.voismagazine.it\/dp\/wp-json\/wp\/v2\/types\/post"}],"author":[{"embeddable":true,"href":"https:\/\/www.voismagazine.it\/dp\/wp-json\/wp\/v2\/users\/14"}],"replies":[{"embeddable":true,"href":"https:\/\/www.voismagazine.it\/dp\/wp-json\/wp\/v2\/comments?post=36129"}],"version-history":[{"count":1,"href":"https:\/\/www.voismagazine.it\/dp\/wp-json\/wp\/v2\/posts\/36129\/revisions"}],"predecessor-version":[{"id":36131,"href":"https:\/\/www.voismagazine.it\/dp\/wp-json\/wp\/v2\/posts\/36129\/revisions\/36131"}],"wp:featuredmedia":[{"embeddable":true,"href":"https:\/\/www.voismagazine.it\/dp\/wp-json\/wp\/v2\/media\/36130"}],"wp:attachment":[{"href":"https:\/\/www.voismagazine.it\/dp\/wp-json\/wp\/v2\/media?parent=36129"}],"wp:term":[{"taxonomy":"category","embeddable":true,"href":"https:\/\/www.voismagazine.it\/dp\/wp-json\/wp\/v2\/categories?post=36129"},{"taxonomy":"post_tag","embeddable":true,"href":"https:\/\/www.voismagazine.it\/dp\/wp-json\/wp\/v2\/tags?post=36129"}],"curies":[{"name":"wp","href":"https:\/\/api.w.org\/{rel}","templated":true}]}}