{"id":28194,"date":"2014-02-05T22:39:36","date_gmt":"2014-02-05T21:39:36","guid":{"rendered":"http:\/\/www.voismagazine.it\/dp\/?p=28194"},"modified":"2014-02-05T22:39:37","modified_gmt":"2014-02-05T21:39:37","slug":"balotelli-su-twitter-pia-e-mia-figlia-finalmente-la-verita","status":"publish","type":"post","link":"https:\/\/www.voismagazine.it\/dp\/2014\/02\/05\/balotelli-su-twitter-pia-e-mia-figlia-finalmente-la-verita\/","title":{"rendered":"Balotelli su Twitter, &#8220;Pia \u00e8 mia figlia, finalmente la verit\u00e0&#8221;"},"content":{"rendered":"<div id=\"voism-2983036216\" class=\"voism-prima-del-contenuto voism-entity-placement\"><a href=\"https:\/\/amzn.to\/2Y0db7E\" aria-label=\"\"><\/a><\/div><p><a href=\"http:\/\/www.voismagazine.it\/dp\/2014\/02\/05\/balotelli-su-twitter-pia-e-mia-figlia-finalmente-la-verita\/image-2806\/\" rel=\"attachment wp-att-28197\"><img loading=\"lazy\" decoding=\"async\" class=\"alignleft size-full wp-image-28197\" alt=\"image\" src=\"http:\/\/www.voismagazine.it\/dp\/wp-content\/uploads\/2014\/02\/image14.jpg\" width=\"275\" height=\"183\" \/><\/a>&#8220;Finalmente la verit\u00e0, Pia&#8230; la mia dolce bambina. Tuo, pap\u00e0&#8221; Cos\u012b Balotelli ha scritto su Twitter dopo aver ricevuto il verdetto del DNA. L&#8217;attaccante del Milan ha poi continuato con un altro tweet, forse indirizzato alla ex compagna Raffaella Fico: &#8220;A chi \u00e8 servito raccontare tutte quelle bugie su di me?&#8221;<\/p>\n<div id=\"voism-939007977\" class=\"voism-fine voism-entity-placement\"><a href=\"https:\/\/amzn.to\/2Y0db7E\" aria-label=\"\"><\/a><\/div>","protected":false},"excerpt":{"rendered":"<p>&#8220;Finalmente la verit\u00e0, Pia&#8230; la mia dolce bambina. Tuo, pap\u00e0&#8221; Cos\u012b Balotelli ha scritto su Twitter dopo aver ricevuto il verdetto del DNA. L&#8217;attaccante del Milan ha poi continuato con un altro tweet, forse indirizzato alla ex compagna Raffaella Fico: &#8220;A chi \u00e8 servito raccontare tutte quelle bugie su di me?&#8221;<\/p>\n","protected":false},"author":8,"featured_media":0,"comment_status":"open","ping_status":"open","sticky":false,"template":"","format":"standard","meta":{"footnotes":""},"categories":[6522],"tags":[],"class_list":["post-28194","post","type-post","status-publish","format-standard","hentry","category-social-network"],"aioseo_notices":[],"_links":{"self":[{"href":"https:\/\/www.voismagazine.it\/dp\/wp-json\/wp\/v2\/posts\/28194","targetHints":{"allow":["GET"]}}],"collection":[{"href":"https:\/\/www.voismagazine.it\/dp\/wp-json\/wp\/v2\/posts"}],"about":[{"href":"https:\/\/www.voismagazine.it\/dp\/wp-json\/wp\/v2\/types\/post"}],"author":[{"embeddable":true,"href":"https:\/\/www.voismagazine.it\/dp\/wp-json\/wp\/v2\/users\/8"}],"replies":[{"embeddable":true,"href":"https:\/\/www.voismagazine.it\/dp\/wp-json\/wp\/v2\/comments?post=28194"}],"version-history":[{"count":0,"href":"https:\/\/www.voismagazine.it\/dp\/wp-json\/wp\/v2\/posts\/28194\/revisions"}],"wp:attachment":[{"href":"https:\/\/www.voismagazine.it\/dp\/wp-json\/wp\/v2\/media?parent=28194"}],"wp:term":[{"taxonomy":"category","embeddable":true,"href":"https:\/\/www.voismagazine.it\/dp\/wp-json\/wp\/v2\/categories?post=28194"},{"taxonomy":"post_tag","embeddable":true,"href":"https:\/\/www.voismagazine.it\/dp\/wp-json\/wp\/v2\/tags?post=28194"}],"curies":[{"name":"wp","href":"https:\/\/api.w.org\/{rel}","templated":true}]}}