{"id":27621,"date":"2014-01-21T13:39:11","date_gmt":"2014-01-21T12:39:11","guid":{"rendered":"http:\/\/www.voismagazine.it\/dp\/?p=27621"},"modified":"2014-01-21T13:39:11","modified_gmt":"2014-01-21T12:39:11","slug":"edicolafiore-emma-canta-litalicum-di-renzi-sulle-note-di-amami","status":"publish","type":"post","link":"https:\/\/www.voismagazine.it\/dp\/2014\/01\/21\/edicolafiore-emma-canta-litalicum-di-renzi-sulle-note-di-amami\/","title":{"rendered":"EdicolaFiore, Emma canta l&#8217;Italicum di Renzi sulle note di &#8220;Amami&#8221;"},"content":{"rendered":"<div id=\"voism-3400031099\" class=\"voism-prima-del-contenuto voism-entity-placement\"><a href=\"https:\/\/amzn.to\/2Y0db7E\" aria-label=\"\"><\/a><\/div><p><a href=\"http:\/\/www.voismagazine.it\/dp\/2014\/01\/21\/edicolafiore-emma-canta-litalicum-di-renzi-sulle-note-di-amami\/image-2773\/\" rel=\"attachment wp-att-27626\"><img loading=\"lazy\" decoding=\"async\" class=\"alignleft size-medium wp-image-27626\" alt=\"image\" src=\"http:\/\/www.voismagazine.it\/dp\/wp-content\/uploads\/2014\/01\/image67-300x234.jpg\" width=\"300\" height=\"234\" \/><\/a>Ospite speciale della puntata di oggi, Emma Marrone, che,cos\u00ec come gli altri artisti ospiti in precedenza, \u00e8 stata protagonista di uno speciale di 15 minuti dedicato a lei. La cantante si \u00e8 esibita cantando una canzone di Mina e poi in una versione ironica di &#8220;Amami&#8221; Ha parlato un po&#8217; di se e ha svelato che andr\u00e0 a vedere la partita Roma- Juve.<\/p>\n<p><iframe loading=\"lazy\" title=\"SPECIALE Emma Marrone all&#039;Edicola Fiore\" width=\"620\" height=\"349\" src=\"https:\/\/www.youtube.com\/embed\/9cm23-6wqRA?feature=oembed\" frameborder=\"0\" allow=\"accelerometer; autoplay; clipboard-write; encrypted-media; gyroscope; picture-in-picture; web-share\" referrerpolicy=\"strict-origin-when-cross-origin\" allowfullscreen><\/iframe><\/p>\n<div id=\"voism-3370039040\" class=\"voism-fine voism-entity-placement\"><a href=\"https:\/\/amzn.to\/2Y0db7E\" aria-label=\"\"><\/a><\/div>","protected":false},"excerpt":{"rendered":"<p>Ospite speciale della puntata di oggi, Emma Marrone, che,cos\u00ec come gli altri artisti ospiti in precedenza, \u00e8 stata protagonista di uno speciale di 15 minuti dedicato a lei. La cantante si \u00e8 esibita cantando una canzone di Mina e poi in una versione ironica di &#8220;Amami&#8221; Ha parlato un po&#8217; di se e ha svelato &#8230;<\/p>\n","protected":false},"author":8,"featured_media":0,"comment_status":"open","ping_status":"open","sticky":false,"template":"","format":"standard","meta":{"footnotes":""},"categories":[6519],"tags":[],"class_list":["post-27621","post","type-post","status-publish","format-standard","hentry","category-curiosita"],"aioseo_notices":[],"_links":{"self":[{"href":"https:\/\/www.voismagazine.it\/dp\/wp-json\/wp\/v2\/posts\/27621","targetHints":{"allow":["GET"]}}],"collection":[{"href":"https:\/\/www.voismagazine.it\/dp\/wp-json\/wp\/v2\/posts"}],"about":[{"href":"https:\/\/www.voismagazine.it\/dp\/wp-json\/wp\/v2\/types\/post"}],"author":[{"embeddable":true,"href":"https:\/\/www.voismagazine.it\/dp\/wp-json\/wp\/v2\/users\/8"}],"replies":[{"embeddable":true,"href":"https:\/\/www.voismagazine.it\/dp\/wp-json\/wp\/v2\/comments?post=27621"}],"version-history":[{"count":0,"href":"https:\/\/www.voismagazine.it\/dp\/wp-json\/wp\/v2\/posts\/27621\/revisions"}],"wp:attachment":[{"href":"https:\/\/www.voismagazine.it\/dp\/wp-json\/wp\/v2\/media?parent=27621"}],"wp:term":[{"taxonomy":"category","embeddable":true,"href":"https:\/\/www.voismagazine.it\/dp\/wp-json\/wp\/v2\/categories?post=27621"},{"taxonomy":"post_tag","embeddable":true,"href":"https:\/\/www.voismagazine.it\/dp\/wp-json\/wp\/v2\/tags?post=27621"}],"curies":[{"name":"wp","href":"https:\/\/api.w.org\/{rel}","templated":true}]}}