{"id":23755,"date":"2013-11-25T08:08:43","date_gmt":"2013-11-25T07:08:43","guid":{"rendered":"http:\/\/www.voismagazine.it\/dp\/?p=23755"},"modified":"2013-11-25T08:13:00","modified_gmt":"2013-11-25T07:13:00","slug":"domeni-live-pamela-prati-fidanzata-con-francesco-di-31-anni","status":"publish","type":"post","link":"https:\/\/www.voismagazine.it\/dp\/2013\/11\/25\/domeni-live-pamela-prati-fidanzata-con-francesco-di-31-anni\/","title":{"rendered":"Domenica live: Pamela Prati fidanzata con Francesco di 31 anni"},"content":{"rendered":"<div id=\"voism-3598609125\" class=\"voism-prima-del-contenuto voism-entity-placement\"><a href=\"https:\/\/amzn.to\/2Y0db7E\" aria-label=\"\"><\/a><\/div><p><a href=\"http:\/\/www.voismagazine.it\/dp\/wp-content\/uploads\/2013\/11\/wpid-PamelaPrati1.jpeg\"><img decoding=\"async\" title=\"PamelaPrati.jpeg\" class=\"alignleft size-full\" alt=\"image\" src=\"http:\/\/www.voismagazine.it\/dp\/wp-content\/uploads\/2013\/11\/wpid-PamelaPrati1.jpeg\" \/><\/a> <\/p>\n<p><strong>Pamela Prati<strong><\/strong><\/strong> ospite, ieri, di Domenica Live condotta da Barbara D\u2019Urso ha parlato di Francesco, il suo fidanzato di 31 anni.<\/p>\n<p><em>S\u00ec sono fidanzata da tre anni. Lui \u00e8 un figo. No, non ha la mia et\u00e0. Ha 31 anni ed \u00e8 molto figo. Ma anche a lui gli va di lusso. Sono un po\u2019 riservata sull\u2019argomento<\/em>.<\/p>\n<p>Continua&#8230;<br \/>\n<em><br \/>\nE\u2019 napoletano, amministra due societ\u00e0. Non me l\u2019aspettavo. Non sono uscite mai sue fotografie. Questa cosa mi fa piacere ma a me piace difendere la mia vita privata. Ci siamo conosciuti 3 anni fa. Mi \u00e8 stato vicino in momenti difficili.<\/em><\/p>\n<p>Sulla differenza di et\u00e1:<br \/>\n<em><br \/>\nLui \u00e8 molto maturo, l\u2019et\u00e0 \u00e8 solo un numero. Vedere la donna matura con un ragazzo pi\u00f9 giovane\u2026 Non \u00e8 cos\u00ec. E\u2019 un sentimento profondo di valore e amore vero. Mi ha conquistata con la tenacia. Io non lo volevo. Avevo paura ma mi ha conquistato con il suo amore, con le sue attenzioni e con la sua intelligenza. Non viviamo insieme ma passiamo tanto tempo insieme abbiamo tante cose in comune come ballare. Ha fatto tante cose romantiche. E\u2019 passionale come tutti i napoletani.to maturo, l\u2019et\u00e0 \u00e8 solo un numero. Vedere la donna matura con un ragazzo pi\u00f9 giovane\u2026 Non \u00e8 cos\u00ec. E\u2019 un sentimento profondo di valore e amore vero. Mi ha conquistata con la tenacia. Io non lo volevo. Avevo paura ma mi ha conquistato con il suo amore, con le sue attenzioni e con la sua intelligenza. Non viviamo insieme ma passiamo tanto tempo insieme abbiamo tante cose in comune come ballare. Ha fatto tante cose romantiche. E\u2019 passionale come tutti i napoletani.<\/em><\/p>\n<div id=\"voism-232620739\" class=\"voism-fine voism-entity-placement\"><a href=\"https:\/\/amzn.to\/2Y0db7E\" aria-label=\"\"><\/a><\/div>","protected":false},"excerpt":{"rendered":"<p>Pamela Prati ospite, ieri, di Domenica Live condotta da Barbara D\u2019Urso ha parlato di Francesco, il suo fidanzato di 31 anni. S\u00ec sono fidanzata da tre anni. Lui \u00e8 un figo. No, non ha la mia et\u00e0. Ha 31 anni ed \u00e8 molto figo. Ma anche a lui gli va di lusso. Sono un po\u2019 &#8230;<\/p>\n","protected":false},"author":27,"featured_media":0,"comment_status":"open","ping_status":"open","sticky":false,"template":"","format":"standard","meta":{"footnotes":""},"categories":[2860],"tags":[],"class_list":["post-23755","post","type-post","status-publish","format-standard","hentry","category-curiosita-gossip-social"],"aioseo_notices":[],"_links":{"self":[{"href":"https:\/\/www.voismagazine.it\/dp\/wp-json\/wp\/v2\/posts\/23755","targetHints":{"allow":["GET"]}}],"collection":[{"href":"https:\/\/www.voismagazine.it\/dp\/wp-json\/wp\/v2\/posts"}],"about":[{"href":"https:\/\/www.voismagazine.it\/dp\/wp-json\/wp\/v2\/types\/post"}],"author":[{"embeddable":true,"href":"https:\/\/www.voismagazine.it\/dp\/wp-json\/wp\/v2\/users\/27"}],"replies":[{"embeddable":true,"href":"https:\/\/www.voismagazine.it\/dp\/wp-json\/wp\/v2\/comments?post=23755"}],"version-history":[{"count":0,"href":"https:\/\/www.voismagazine.it\/dp\/wp-json\/wp\/v2\/posts\/23755\/revisions"}],"wp:attachment":[{"href":"https:\/\/www.voismagazine.it\/dp\/wp-json\/wp\/v2\/media?parent=23755"}],"wp:term":[{"taxonomy":"category","embeddable":true,"href":"https:\/\/www.voismagazine.it\/dp\/wp-json\/wp\/v2\/categories?post=23755"},{"taxonomy":"post_tag","embeddable":true,"href":"https:\/\/www.voismagazine.it\/dp\/wp-json\/wp\/v2\/tags?post=23755"}],"curies":[{"name":"wp","href":"https:\/\/api.w.org\/{rel}","templated":true}]}}