{"id":141,"date":"2012-09-01T16:17:20","date_gmt":"2012-09-01T14:17:20","guid":{"rendered":"http:\/\/www.voismagazine.it\/dp\/?p=141"},"modified":"2012-10-02T13:16:12","modified_gmt":"2012-10-02T11:16:12","slug":"la-fantapolitica-e-il-calciomercato","status":"publish","type":"post","link":"https:\/\/www.voismagazine.it\/dp\/2012\/09\/01\/la-fantapolitica-e-il-calciomercato\/","title":{"rendered":"La Fantapolitica e il Calciomercato"},"content":{"rendered":"<div id=\"voism-1183553124\" class=\"voism-prima-del-contenuto voism-entity-placement\"><a href=\"https:\/\/amzn.to\/2Y0db7E\" aria-label=\"\"><\/a><\/div><p><a href=\"http:\/\/www.voismagazine.it\/dp\/wp-content\/uploads\/2012\/09\/palazzo-dei-normanni1.jpg\"><img loading=\"lazy\" decoding=\"async\" class=\"alignnone size-full wp-image-182\" title=\"palazzo dei normanni\" src=\"http:\/\/www.voismagazine.it\/dp\/wp-content\/uploads\/2012\/09\/palazzo-dei-normanni1.jpg\" alt=\"\" width=\"500\" height=\"400\" srcset=\"https:\/\/www.voismagazine.it\/dp\/wp-content\/uploads\/2012\/09\/palazzo-dei-normanni1.jpg 500w, https:\/\/www.voismagazine.it\/dp\/wp-content\/uploads\/2012\/09\/palazzo-dei-normanni1-300x240.jpg 300w\" sizes=\"auto, (max-width: 500px) 100vw, 500px\" \/><\/a><\/p>\n<p align=\"JUSTIFY\"><span style=\"font-size: small;\">In Sicilia si prospetta un Settembre caldo, caldissimo. E mai come quest&#8217;anno non soltanto da un punto di vista climatico. Tra rimpasti, trattative e inedite alleanze, a un mese di distanza dalle dimissioni di Raffaele Lombardo, la rosa dei candidati alla Presidenza della Regione comincia, se non ad assottigliarsi, senz&#8217;altro a definirsi per grandi linee.<\/span><\/p>\n<p><!--more Leggi Articolo--><\/p>\n<p align=\"JUSTIFY\">Il mese di Agosto \u00e8 trascorso all&#8217;insegna di pre-tattica, scaramucce, dichiarazioni e smentite, proprio come durante lo stesso periodo avviene per il calciomercato. Anche i meccanismi sono piuttosto simili: scambi, prestiti, ri(s)catti&#8230;\u00a0 Si passa da una squadra all&#8217;altra, tra dirigenze locali e poltrone nazionali. Il problema principale \u00e8 che la Fantapolitica siciliana deve uscire da un&#8217;era in cui proprio gli accordi trasversali, le correnti pro e le correnti contro, hanno confuso e infine allontanato gli elettori, di ogni colore politico, da ci\u00f2 che invece li riguarda da molto vicino. Settembre \u00e8 tempo di programmi e nuovi propositi. In Sicilia e in tutta Italia \u00e8 tempo di ascoltare progetti politici e proposte per una necessaria ricostruzione.<\/p>\n<p align=\"JUSTIFY\">La &#8220;rinascita&#8221;, la &#8220;sfida siciliana&#8221;, la difficile impresa di gestire e amministrare una macchina pubblica finita nell&#8217;occhio del ciclone; l&#8217;intento di far riaffiorare questo porto sepolto da un abisso clientelare profondo ormai un ventennio; sono questi i presupposti che hanno animato da ogni parte la politica estiva delle parole. L&#8217;inno al superamento di ci\u00f2 che \u00e8 stato non \u00e8 per\u00f2 l&#8217;unico punto di contatto tra gli schieramenti in lizza; centro-destra e centro-sinistra hanno puntato sin dall&#8217;inizio su cavalli di razza, scelte avallate dai principali partiti nazionali; il Pdl con Nello Musumeci, PD e UdC con Rosario Crocetta, entrambi apprezzati amministratori degli affari pubblici. Non c&#8217;\u00e8 spazio per figure <em>outsider<\/em>, non c&#8217;\u00e8 tempo per gli esperimenti (e nemmeno per primarie in stile Palermo).<\/p>\n<p align=\"JUSTIFY\">Eppure mai come quest&#8217;anno c&#8217;\u00e8 la possibilit\u00e0 di far saltare il banco; l&#8217;hanno capito in molti, e in molti si candideranno. Ritorna a camminare da solo Gianfranco Miccich\u00e8 (ancora una volta una figura arcinota a livello nazionale). L&#8217;ex-ministro e sottosegretario, dopo avere investito pubblicamente la candidatura di Musumeci, fa dietrofront e con il suo Grande Sud, rilancia il progetto meridionalista. Miccich\u00e8, frenato quattro anni fa dall&#8217;alleanza pro-Lombardo (e sappiamo bene quali sarebbero stati i risvolti di quella giunta), rientra in corsa, intento a ricostruire il Partito Siciliano, proprio sulle ceneri dell&#8217;Mpa e forte del sostegno dei finiani di Fli. Se il polo di centro-destra, da pi\u00f9 parti (forse troppe), sembra essere desideroso di rifarsi dopo la sonora batosta delle amministrative, dall&#8217;altro lato la situazione non sembra di certo pi\u00f9 compatta. Mentre continua a far discutere, per ragioni non meramente politiche a dire il vero, il sostegno dato dall&#8217;UdC a Crocetta, cresce, anche nei primi sondaggi, l&#8217;autorevole candidatura di Claudio Fava, sostenuto da SEL e IdV.<\/p>\n<p align=\"JUSTIFY\">Come spesso avviene durante le elezioni regionali, le alleanze risultano trasversali e le correnti interne ad una coalizione si spostano da una parte all&#8217;altra. Considerando poi la situazione nazionale, gi\u00e0 eufemisticamente &#8220;diversificata&#8221;, con un governo tecnico e le elezioni politiche alle porte, e aggiungendo infine la variabile del voto disgiunto, era ampiamente prevedibile questa multidivisione dei poli. La sensazione \u00e8 che per\u00f2 a queste spaccature non corrisponda un&#8217;effettiva rottura; i movimenti sembrano cambiare soltanto colore, l&#8217;annunciata discontinuit\u00e0 al momento non si vede, i meccanismi della politica ritornano sempre gli stessi con una naturalezza disarmante. Il popolo siciliano conosce a memoria il ritornello gattopardiano e mai come per queste elezioni vorrebbe farne a meno.<\/p>\n<p align=\"JUSTIFY\"><em>Marco Mezzatesta<\/em><\/p>\n<div id=\"voism-2695519276\" class=\"voism-fine voism-entity-placement\"><a href=\"https:\/\/amzn.to\/2Y0db7E\" aria-label=\"\"><\/a><\/div>","protected":false},"excerpt":{"rendered":"<p>In Sicilia si prospetta un Settembre caldo, caldissimo. E mai come quest&#8217;anno non soltanto da un punto di vista climatico. Tra rimpasti, trattative e inedite alleanze, a un mese di distanza dalle dimissioni di Raffaele Lombardo, la rosa dei candidati alla Presidenza della Regione comincia, se non ad assottigliarsi, senz&#8217;altro a definirsi per grandi linee.<\/p>\n","protected":false},"author":2,"featured_media":0,"comment_status":"open","ping_status":"open","sticky":false,"template":"","format":"standard","meta":{"footnotes":""},"categories":[2454],"tags":[],"class_list":["post-141","post","type-post","status-publish","format-standard","hentry","category-news"],"aioseo_notices":[],"_links":{"self":[{"href":"https:\/\/www.voismagazine.it\/dp\/wp-json\/wp\/v2\/posts\/141","targetHints":{"allow":["GET"]}}],"collection":[{"href":"https:\/\/www.voismagazine.it\/dp\/wp-json\/wp\/v2\/posts"}],"about":[{"href":"https:\/\/www.voismagazine.it\/dp\/wp-json\/wp\/v2\/types\/post"}],"author":[{"embeddable":true,"href":"https:\/\/www.voismagazine.it\/dp\/wp-json\/wp\/v2\/users\/2"}],"replies":[{"embeddable":true,"href":"https:\/\/www.voismagazine.it\/dp\/wp-json\/wp\/v2\/comments?post=141"}],"version-history":[{"count":0,"href":"https:\/\/www.voismagazine.it\/dp\/wp-json\/wp\/v2\/posts\/141\/revisions"}],"wp:attachment":[{"href":"https:\/\/www.voismagazine.it\/dp\/wp-json\/wp\/v2\/media?parent=141"}],"wp:term":[{"taxonomy":"category","embeddable":true,"href":"https:\/\/www.voismagazine.it\/dp\/wp-json\/wp\/v2\/categories?post=141"},{"taxonomy":"post_tag","embeddable":true,"href":"https:\/\/www.voismagazine.it\/dp\/wp-json\/wp\/v2\/tags?post=141"}],"curies":[{"name":"wp","href":"https:\/\/api.w.org\/{rel}","templated":true}]}}