{"id":12504,"date":"2013-03-05T15:23:04","date_gmt":"2013-03-05T14:23:04","guid":{"rendered":"http:\/\/www.voismagazine.it\/dp\/?p=12504"},"modified":"2013-03-05T15:25:17","modified_gmt":"2013-03-05T14:25:17","slug":"corona-rischia-nuova-incriminazione-per-oltraggio-a-pm","status":"publish","type":"post","link":"https:\/\/www.voismagazine.it\/dp\/2013\/03\/05\/corona-rischia-nuova-incriminazione-per-oltraggio-a-pm\/","title":{"rendered":"Corona rischia nuova incriminazione per oltraggio a PM"},"content":{"rendered":"<div id=\"voism-761169827\" class=\"voism-prima-del-contenuto voism-entity-placement\"><a href=\"https:\/\/amzn.to\/2Y0db7E\" aria-label=\"\"><\/a><\/div><p><a href=\"http:\/\/www.voismagazine.it\/dp\/2013\/03\/05\/corona-rischia-nuova-incriminazione-per-oltraggio-a-pm\/image-1247\/\" rel=\"attachment wp-att-12507\"><img loading=\"lazy\" decoding=\"async\" class=\"alignleft size-medium wp-image-12507\" alt=\"Corona\" src=\"http:\/\/www.voismagazine.it\/dp\/wp-content\/uploads\/2013\/03\/image53-300x167.jpg\" width=\"300\" height=\"167\" \/><\/a>Il fotografo, Fabrizio Corona, che questa mattina a Como ha deposto in tribunale come testimone nel processo su presunte fatture false ed episodi di peculato legati a spettacoli organizzati al casin\u00f2 di Campione d&#8217;Italia, rischia un&#8217;incriminazione per oltraggio al magistrato in udienza e falsa testimonianza.<br \/>\nEra gi\u00e0 stato convocato due volte dal tribunale nei mesi scorsi ma non si era mai presentato, stamattina \u00e8 arrivato in aula dal carcere di Busto Arsizio, dove \u00e8 detenuto da quando era stato estradato dal Portogallo in gennaio e al pm che gli ha chiesto spiegazioni in relazione ad una fattura della Coron\u00e0s su prestazioni al Casin\u00f2 di Nina Moric e Alessia Fabiani, Corona inizialmente ha dichiarato che le due donne mai si sono esibite a Campione, poi ha cambiato versione.<br \/>\nIl pm, Mariano Fadda, non soddisfatto della sua doppia versione dei fatti, chiede con insistenza chiarimenti e Fabrizio Corona che evidentemente non ha gradito il tono e perde la staffe: \u201cEsigo rispetto\u201d, urla in aula. Il PM Fadda ha subito risposto \u201dQuando avr\u00e0 finito di fare il suo show le far\u00f2 la domanda\u201d. E Corona ha replicato \u201cMi porti rispetto, esigo educazione nei miei confronti, mi deve guardare in faccia quando mi parla\u201d. C&#8217;\u00e8 voluto molto tempo prima che il fotografo si calmasse e accettasse di rispondere alle domande. Al termine il magistrato ha chiesto al tribunale la trasmissione degli atti in procura per oltraggio al pm in udienza e per falsa testimonianza.<\/p>\n<div id=\"voism-4202650890\" class=\"voism-fine voism-entity-placement\"><a href=\"https:\/\/amzn.to\/2Y0db7E\" aria-label=\"\"><\/a><\/div>","protected":false},"excerpt":{"rendered":"<p>Il fotografo, Fabrizio Corona, che questa mattina a Como ha deposto in tribunale come testimone nel processo su presunte fatture false ed episodi di peculato legati a spettacoli organizzati al casin\u00f2 di Campione d&#8217;Italia, rischia un&#8217;incriminazione per oltraggio al magistrato in udienza e falsa testimonianza. Era gi\u00e0 stato convocato due volte dal tribunale nei mesi &#8230;<\/p>\n","protected":false},"author":22,"featured_media":0,"comment_status":"open","ping_status":"open","sticky":false,"template":"","format":"standard","meta":{"footnotes":""},"categories":[2454],"tags":[],"class_list":["post-12504","post","type-post","status-publish","format-standard","hentry","category-news"],"aioseo_notices":[],"_links":{"self":[{"href":"https:\/\/www.voismagazine.it\/dp\/wp-json\/wp\/v2\/posts\/12504","targetHints":{"allow":["GET"]}}],"collection":[{"href":"https:\/\/www.voismagazine.it\/dp\/wp-json\/wp\/v2\/posts"}],"about":[{"href":"https:\/\/www.voismagazine.it\/dp\/wp-json\/wp\/v2\/types\/post"}],"author":[{"embeddable":true,"href":"https:\/\/www.voismagazine.it\/dp\/wp-json\/wp\/v2\/users\/22"}],"replies":[{"embeddable":true,"href":"https:\/\/www.voismagazine.it\/dp\/wp-json\/wp\/v2\/comments?post=12504"}],"version-history":[{"count":0,"href":"https:\/\/www.voismagazine.it\/dp\/wp-json\/wp\/v2\/posts\/12504\/revisions"}],"wp:attachment":[{"href":"https:\/\/www.voismagazine.it\/dp\/wp-json\/wp\/v2\/media?parent=12504"}],"wp:term":[{"taxonomy":"category","embeddable":true,"href":"https:\/\/www.voismagazine.it\/dp\/wp-json\/wp\/v2\/categories?post=12504"},{"taxonomy":"post_tag","embeddable":true,"href":"https:\/\/www.voismagazine.it\/dp\/wp-json\/wp\/v2\/tags?post=12504"}],"curies":[{"name":"wp","href":"https:\/\/api.w.org\/{rel}","templated":true}]}}